{"id":32153,"date":"2024-03-09T11:25:13","date_gmt":"2024-03-09T16:25:13","guid":{"rendered":"https:\/\/solidaridadnews.com\/?p=32153"},"modified":"2024-03-09T16:25:14","modified_gmt":"2024-03-09T16:25:14","slug":"canelo-alvarez-se-medira-a-jaime-munguia-el-4-de-mayo","status":"publish","type":"post","link":"https:\/\/solidaridadnews.com\/?p=32153","title":{"rendered":"Canelo \u00c1lvarez se medir\u00e1 a Jaime Mungu\u00eda el 4 de mayo"},"content":{"rendered":"<p>En su publicaci\u00f3n en redes, el hist\u00f3rico boxeador comparti\u00f3: \u201cMexicanos al grito de guerra. Nos vemos el 04 de mayo en el T-Mobile en las Vegas Canelo-Mungu\u00eda. M\u00e9xico contra M\u00e9xico. \u00a1Viva M\u00e9xico Cabrones!\u201d, promocionado el combate ante su compatriota.<\/p>\n<p>Con la pelea ante el tijuanense, Canelo termina una racha de siete a\u00f1os sin enfrentarse a un mexicano. La \u00faltima vez que pele\u00f3 contra un compatriota, fue el 6 de mayo de 2017 cuando se venci\u00f3 a Julio C\u00e9sar Ch\u00e1vez Jr. por decisi\u00f3n un\u00e1nime.<\/p>\n<p>Mungu\u00eda llega invicto, con un r\u00e9cord de 43 victorias, 34 siendo por nocaut. Su \u00faltima pelea fue en este 2024. El pasado 27 de enero super\u00f3 a John Ryder por KO en Phoenix, Arizona.<\/p>\n","protected":false},"excerpt":{"rendered":"<p>En su publicaci\u00f3n en redes, el hist\u00f3rico boxeador comparti\u00f3: \u201cMexicanos al grito de guerra. Nos vemos el 04 de mayo en el T-Mobile en las Vegas Canelo-Mungu\u00eda. M\u00e9xico contra M\u00e9xico. \u00a1Viva M\u00e9xico Cabrones!\u201d, promocionado el combate ante su compatriota. Con la pelea ante el tijuanense, Canelo termina una racha de siete a\u00f1os sin enfrentarse a [&hellip;]<\/p>\n","protected":false},"author":1,"featured_media":32155,"comment_status":"open","ping_status":"closed","sticky":false,"template":"","format":"standard","meta":{"footnotes":""},"categories":[6],"tags":[],"class_list":["post-32153","post","type-post","status-publish","format-standard","has-post-thumbnail","hentry","category-deportes"],"_links":{"self":[{"href":"https:\/\/solidaridadnews.com\/index.php?rest_route=\/wp\/v2\/posts\/32153","targetHints":{"allow":["GET"]}}],"collection":[{"href":"https:\/\/solidaridadnews.com\/index.php?rest_route=\/wp\/v2\/posts"}],"about":[{"href":"https:\/\/solidaridadnews.com\/index.php?rest_route=\/wp\/v2\/types\/post"}],"author":[{"embeddable":true,"href":"https:\/\/solidaridadnews.com\/index.php?rest_route=\/wp\/v2\/users\/1"}],"replies":[{"embeddable":true,"href":"https:\/\/solidaridadnews.com\/index.php?rest_route=%2Fwp%2Fv2%2Fcomments&post=32153"}],"version-history":[{"count":1,"href":"https:\/\/solidaridadnews.com\/index.php?rest_route=\/wp\/v2\/posts\/32153\/revisions"}],"predecessor-version":[{"id":32154,"href":"https:\/\/solidaridadnews.com\/index.php?rest_route=\/wp\/v2\/posts\/32153\/revisions\/32154"}],"wp:featuredmedia":[{"embeddable":true,"href":"https:\/\/solidaridadnews.com\/index.php?rest_route=\/wp\/v2\/media\/32155"}],"wp:attachment":[{"href":"https:\/\/solidaridadnews.com\/index.php?rest_route=%2Fwp%2Fv2%2Fmedia&parent=32153"}],"wp:term":[{"taxonomy":"category","embeddable":true,"href":"https:\/\/solidaridadnews.com\/index.php?rest_route=%2Fwp%2Fv2%2Fcategories&post=32153"},{"taxonomy":"post_tag","embeddable":true,"href":"https:\/\/solidaridadnews.com\/index.php?rest_route=%2Fwp%2Fv2%2Ftags&post=32153"}],"curies":[{"name":"wp","href":"https:\/\/api.w.org\/{rel}","templated":true}]}}