{"id":32147,"date":"2024-03-08T12:41:05","date_gmt":"2024-03-08T17:41:05","guid":{"rendered":"https:\/\/solidaridadnews.com\/?p=32147"},"modified":"2024-03-08T17:41:06","modified_gmt":"2024-03-08T17:41:06","slug":"papa-francisco-destaca-el-papel-de-mujer-en-la-sociedad","status":"publish","type":"post","link":"https:\/\/solidaridadnews.com\/?p=32147","title":{"rendered":"Papa Francisco destaca el papel de mujer en la sociedad"},"content":{"rendered":"<p>El Papa Francisco se pronunci\u00f3 en defensa de las mujeres y se\u00f1al\u00f3 que en el mundo, es un sector que a\u00fan sufre de violencia, desigualdad y maltratos.<\/p>\n<p>Destac\u00f3 que las mujeres tienen una inteligencia y coraz\u00f3n que ama y que une; se\u00f1al\u00f3 que una de las mayores discriminaciones que padecen es durante su formaci\u00f3n, la cual en muchos contextos es temida, aun cuando el camino hacia sociedades mejores pasa por la educaci\u00f3n de las ni\u00f1as.<\/p>\n<p>Durante la audiencia semanal con participantes del Congreso Internacional Interuniversitario, el Sumo Pont\u00edfice hizo hincapi\u00e9 en que la mujer tiene una capacidad \u00fanica de compasi\u00f3n con su intuici\u00f3n y su tendencia natural a cuidar y record\u00f3 que la iglesia las necesita, porque es mujer, es hija, es madre y es esposa.<\/p>\n<p>En v\u00edsperas de la celebraci\u00f3n del D\u00eda Internacional de la Mujer, el Papa Francisco, contextualiz\u00f3 que la aportaci\u00f3n femenina es m\u00e1s indispensable que nunca para alcanzar la paz, en esta \u00e9poca desgarrada por el odio, en la cual la humanidad necesita sentirse amada, pues ellas saben unir con ternura.<\/p>\n<p>Finalmente, exhort\u00f3 a los presentes, encontrar caminos adecuados para que la grandeza y el papel de las mujeres sean m\u00e1s valorados en el Pueblo de Dios.<\/p>\n","protected":false},"excerpt":{"rendered":"<p>El Papa Francisco se pronunci\u00f3 en defensa de las mujeres y se\u00f1al\u00f3 que en el mundo, es un sector que a\u00fan sufre de violencia, desigualdad y maltratos. Destac\u00f3 que las mujeres tienen una inteligencia y coraz\u00f3n que ama y que une; se\u00f1al\u00f3 que una de las mayores discriminaciones que padecen es durante su formaci\u00f3n, la [&hellip;]<\/p>\n","protected":false},"author":1,"featured_media":32149,"comment_status":"open","ping_status":"closed","sticky":false,"template":"","format":"standard","meta":{"footnotes":""},"categories":[9],"tags":[],"class_list":["post-32147","post","type-post","status-publish","format-standard","has-post-thumbnail","hentry","category-internacional"],"_links":{"self":[{"href":"https:\/\/solidaridadnews.com\/index.php?rest_route=\/wp\/v2\/posts\/32147","targetHints":{"allow":["GET"]}}],"collection":[{"href":"https:\/\/solidaridadnews.com\/index.php?rest_route=\/wp\/v2\/posts"}],"about":[{"href":"https:\/\/solidaridadnews.com\/index.php?rest_route=\/wp\/v2\/types\/post"}],"author":[{"embeddable":true,"href":"https:\/\/solidaridadnews.com\/index.php?rest_route=\/wp\/v2\/users\/1"}],"replies":[{"embeddable":true,"href":"https:\/\/solidaridadnews.com\/index.php?rest_route=%2Fwp%2Fv2%2Fcomments&post=32147"}],"version-history":[{"count":1,"href":"https:\/\/solidaridadnews.com\/index.php?rest_route=\/wp\/v2\/posts\/32147\/revisions"}],"predecessor-version":[{"id":32148,"href":"https:\/\/solidaridadnews.com\/index.php?rest_route=\/wp\/v2\/posts\/32147\/revisions\/32148"}],"wp:featuredmedia":[{"embeddable":true,"href":"https:\/\/solidaridadnews.com\/index.php?rest_route=\/wp\/v2\/media\/32149"}],"wp:attachment":[{"href":"https:\/\/solidaridadnews.com\/index.php?rest_route=%2Fwp%2Fv2%2Fmedia&parent=32147"}],"wp:term":[{"taxonomy":"category","embeddable":true,"href":"https:\/\/solidaridadnews.com\/index.php?rest_route=%2Fwp%2Fv2%2Fcategories&post=32147"},{"taxonomy":"post_tag","embeddable":true,"href":"https:\/\/solidaridadnews.com\/index.php?rest_route=%2Fwp%2Fv2%2Ftags&post=32147"}],"curies":[{"name":"wp","href":"https:\/\/api.w.org\/{rel}","templated":true}]}}