{"id":32144,"date":"2024-03-08T12:17:12","date_gmt":"2024-03-08T17:17:12","guid":{"rendered":"https:\/\/solidaridadnews.com\/?p=32144"},"modified":"2024-03-08T17:17:13","modified_gmt":"2024-03-08T17:17:13","slug":"madres-buscadoras-piden-respetar-los-monumentos-a-desaparecidos","status":"publish","type":"post","link":"https:\/\/solidaridadnews.com\/?p=32144","title":{"rendered":"Madres buscadoras piden respetar los monumentos a desaparecidos"},"content":{"rendered":"<p>De cara a las movilizaciones por el 8M, el colectivo de familias que buscan a desaparecidos Entre Cielo y Tierra, pide a las mujeres que asistir\u00e1n a las marchas que respeten la Glorieta de los Ni\u00f1os H\u00e9roes (nombrada como Glorieta de las y los desaparecidos), punto que figura como llegada y salida de estas protestas por el D\u00eda Internacional de la Mujer. Lo anterior, en el sentido de solicitarles no poner iconoclasia, refiri\u00e9ndose a las manifestaciones en carteles, pintas o la intervenci\u00f3n de las figuras en un espacio a manera de protesta.<\/p>\n<p>El colectivo recuerda que desde 2019 se dedica a las acciones de b\u00fasqueda de personas. \u201cEst\u00e1 integrado por madres buscadoras, quienes hemos perdido a nuestros hijos. Somos mujeres quienes por a\u00f1os hemos luchado contra las violaciones a los derechos humanos\u2026 y que se garanticen los derechos de nuestros familiares desaparecidos\u201d.<\/p>\n<p>Se\u00f1ala que en a\u00f1os anteriores han participado \u201ccon gusto y convicci\u00f3n\u201d con las marchas realizadas, porque \u201ces la lucha que comparten todas las mujeres\u201d. Sin embargo, el a\u00f1o pasado concluyeron \u201ccon mucha tristeza\u201d porque encontraron que las lonas de sus familiares estaban pintadas. \u201cNos hemos sentido agredidas, ya que son rostros de quienes nos faltan\u2026 a quienes buscamos. Desde hace varios a\u00f1os, esta glorieta se ha convertido en nuestro espacio simb\u00f3lico ante la falta de otro lugar de memoria digno, que el Gobierno no nos brinda. En este lugar acudimos a reunirnos, a cerrar nuestras marchas, a plantear exigencias o para rezar\u201d.<\/p>\n<p>Hoy se celebra el D\u00eda Internacional de la Mujer, por lo que cada a\u00f1o colectivas feministas, organizaciones y cientos de participantes realizan una marcha para conmemorar la lucha por los derechos y la igualdad de g\u00e9nero.<\/p>\n<p>Este a\u00f1o la marcha iniciar\u00e1 su recorrido en la Glorieta de las Mujeres que Luchan hacia el Z\u00f3calo capitalino y la ruta ser\u00e1 por Reforma, Avenida Ju\u00e1rez y 5 de mayo, por lo que el horario de reuni\u00f3n de los colectivos ser\u00e1 a las 15:30 horas y al llegar al Z\u00f3calo habr\u00e1 un mitin pol\u00edtico.<\/p>\n<p>El secretario de Gobierno de la CDMX, Ricardo Ruiz, inform\u00f3 que para la marcha del 8M, se implementar\u00e1 un operativo en donde se ver\u00e1n involucrados por lo menos 15 dependencias del Gobierno local, para dar acompa\u00f1amiento a la marcha programada, as\u00ed como un despliegue de mujeres polic\u00edas.<\/p>\n<p>Refiri\u00f3 que sostuvieron reuniones con las organizadoras del 8M, y que para la manifestaci\u00f3n participar\u00e1n 500 mujeres de la Brigada de Di\u00e1logo, que estar\u00e1n a lo largo del contingente con chalecos anaranjados, para que intervengan con di\u00e1logo en caso de que haya alg\u00fan conflicto.<\/p>\n<p>La Secretar\u00eda de Seguridad Ciudadana (SSC) desplegar\u00e1 800 mujeres polic\u00edas y mil 500 m\u00e1s que estar\u00e1n pendientes al apoyo que se requiera, se\u00f1al\u00f3 la subsecretaria de Gobierno, Marcela Figueroa.<\/p>\n<p>Adem\u00e1s, el Escuadr\u00f3n de Rescate y Urgencias M\u00e9dicas (ERUM), 10 unidades m\u00e9dicas, 10 motoambulancias y 85 param\u00e9dicos, para atender cualquier emergencia.<\/p>\n<p>La Polic\u00eda de Tr\u00e1nsito realizar\u00e1 cortes a la circulaci\u00f3n conforme vaya desarroll\u00e1ndose la protesta y puntos de concentraci\u00f3n de los diferentes colectivos.<\/p>\n<p>De acuerdo con los protocolos, Marcela Figueroa precis\u00f3 que las uniformadas tendr\u00e1n \u00fanicamente equipo de protecci\u00f3n personal, que consiste en su uniforme, casco y escudo; algunas de ellas portar\u00e1n extintor para apagar conatos de incendio.<\/p>\n<p>Asegur\u00f3 que el llenado de los extintores estuvo supervisado por la Comisi\u00f3n de Derechos Humanos (CDHCM), la Direcci\u00f3n de Asuntos Internos y el \u00e1rea de Derechos Humanos de la misma SSC.<\/p>\n","protected":false},"excerpt":{"rendered":"<p>De cara a las movilizaciones por el 8M, el colectivo de familias que buscan a desaparecidos Entre Cielo y Tierra, pide a las mujeres que asistir\u00e1n a las marchas que respeten la Glorieta de los Ni\u00f1os H\u00e9roes (nombrada como Glorieta de las y los desaparecidos), punto que figura como llegada y salida de estas protestas [&hellip;]<\/p>\n","protected":false},"author":1,"featured_media":32146,"comment_status":"open","ping_status":"closed","sticky":false,"template":"","format":"standard","meta":{"footnotes":""},"categories":[2],"tags":[],"class_list":["post-32144","post","type-post","status-publish","format-standard","has-post-thumbnail","hentry","category-nacional"],"_links":{"self":[{"href":"https:\/\/solidaridadnews.com\/index.php?rest_route=\/wp\/v2\/posts\/32144","targetHints":{"allow":["GET"]}}],"collection":[{"href":"https:\/\/solidaridadnews.com\/index.php?rest_route=\/wp\/v2\/posts"}],"about":[{"href":"https:\/\/solidaridadnews.com\/index.php?rest_route=\/wp\/v2\/types\/post"}],"author":[{"embeddable":true,"href":"https:\/\/solidaridadnews.com\/index.php?rest_route=\/wp\/v2\/users\/1"}],"replies":[{"embeddable":true,"href":"https:\/\/solidaridadnews.com\/index.php?rest_route=%2Fwp%2Fv2%2Fcomments&post=32144"}],"version-history":[{"count":1,"href":"https:\/\/solidaridadnews.com\/index.php?rest_route=\/wp\/v2\/posts\/32144\/revisions"}],"predecessor-version":[{"id":32145,"href":"https:\/\/solidaridadnews.com\/index.php?rest_route=\/wp\/v2\/posts\/32144\/revisions\/32145"}],"wp:featuredmedia":[{"embeddable":true,"href":"https:\/\/solidaridadnews.com\/index.php?rest_route=\/wp\/v2\/media\/32146"}],"wp:attachment":[{"href":"https:\/\/solidaridadnews.com\/index.php?rest_route=%2Fwp%2Fv2%2Fmedia&parent=32144"}],"wp:term":[{"taxonomy":"category","embeddable":true,"href":"https:\/\/solidaridadnews.com\/index.php?rest_route=%2Fwp%2Fv2%2Fcategories&post=32144"},{"taxonomy":"post_tag","embeddable":true,"href":"https:\/\/solidaridadnews.com\/index.php?rest_route=%2Fwp%2Fv2%2Ftags&post=32144"}],"curies":[{"name":"wp","href":"https:\/\/api.w.org\/{rel}","templated":true}]}}