{"id":32141,"date":"2024-03-08T10:37:55","date_gmt":"2024-03-08T15:37:55","guid":{"rendered":"https:\/\/solidaridadnews.com\/?p=32141"},"modified":"2024-03-08T15:37:57","modified_gmt":"2024-03-08T15:37:57","slug":"danny-perea-de-vecinos-revela-que-se-convirtio-en-mama-y-presenta-a-su-bebe","status":"publish","type":"post","link":"https:\/\/solidaridadnews.com\/?p=32141","title":{"rendered":"Danny Perea de &#8216;Vecinos&#8217; revela que se convirti\u00f3 en mam\u00e1 y presenta a su beb\u00e9"},"content":{"rendered":"<p>Danny Perea, actriz reconocida por su papel de Alejandra en la serie \u201cVecinos\u201d, serie que fue creada por Eugenio Derbez, revel\u00f3 que se convirti\u00f3 en mam\u00e1 de un ni\u00f1o. La noticia tom\u00f3 por sorpresa a muchos, ya que la famosa prefiri\u00f3 mantener en secreto su embarazo.<\/p>\n<p>Fue a trav\u00e9s de Instagram que Danny Perea comparti\u00f3 una foto al lado de su beb\u00e9 y aunque no se le ve la cara a su hijo, \u00e9sta fue la manera de la actriz de anunciar su reciente maternidad y presentar a su hijo ante sus seguidores en la red social.<\/p>\n<p>Con un tierno mensaje, Danny Perea expres\u00f3 lo feliz que se encuentra de ser mam\u00e1 desde hace ya un tiempo, adem\u00e1s que revel\u00f3 el nombre de su beb\u00e9.<\/p>\n<p>\u201cHoy por fin puedo compartirles que desde hace un tiempo ya, me he convertido en mam\u00e1. Les comparto estos instantes donde estoy con mi hijo Silvio Mat\u00edas\u201d.<\/p>\n<p>La actriz comparti\u00f3 un tierno mensaje dedicado a su hijo en donde destac\u00f3 algunos de los momentos que ha vivido con \u00e9l desde que naci\u00f3.<\/p>\n<p>\u201cMat\u00edas, precioso ser de enormes ojos, en donde vive tanta belleza que me hace descreer de mi fortuna, fortuna de perderme en ellos, de vivir con ellos, de aliviar su llanto, de provocar su risa, de acurrucarme en su bostezo, de arrullar su sue\u00f1o\u201d.<\/p>\n<p>En su mensaje Danny Perea tambi\u00e9n comparti\u00f3 un peque\u00f1o poema dedicado a su hijo.<\/p>\n<p>\u201cFortuna de que sus ojos me miran un dame, me miran un juega, me miran un c\u00e1rgame, me miran un b\u00e1\u00f1ame, me miran un abr\u00e1zame, me miran un arr\u00fallame, me miran un acomp\u00e1\u00f1ame, me miran un al\u00edviame, me miran m\u00eda, me miran madre. Gracias hijo por mirarme como nadie m\u00e1s lo har\u00e1 jam\u00e1s. Te amo, te amare \u201cy despu\u00e9s te amare\u201d.<\/p>\n<p>Tras dar a conocer la noticia, la producci\u00f3n de \u201cVecinos\u201d le dej\u00f3 un comentario en donde la felicit\u00f3 por el nacimiento de su beb\u00e9.<\/p>\n<p>\u201cDe parte de toda la producci\u00f3n te deseamos muchas Felicidades Dany, \u00a1qu\u00e9 alegr\u00eda! Bienvenido Vecinito, Silvio Mat\u00edas\u201d.<\/p>\n<p>La actriz Macaria, quien interpreta a su madre en \u201cVecinos\u201d tambi\u00e9n le dej\u00f3 un tierno mensaje.<\/p>\n<p>\u201cTodo el amor del mundo para Silvio y para ti, disfruta esta nueva etapa, te quiero, Dany\u201d.<\/p>\n","protected":false},"excerpt":{"rendered":"<p>Danny Perea, actriz reconocida por su papel de Alejandra en la serie \u201cVecinos\u201d, serie que fue creada por Eugenio Derbez, revel\u00f3 que se convirti\u00f3 en mam\u00e1 de un ni\u00f1o. La noticia tom\u00f3 por sorpresa a muchos, ya que la famosa prefiri\u00f3 mantener en secreto su embarazo. Fue a trav\u00e9s de Instagram que Danny Perea comparti\u00f3 [&hellip;]<\/p>\n","protected":false},"author":1,"featured_media":32143,"comment_status":"open","ping_status":"closed","sticky":false,"template":"","format":"standard","meta":{"footnotes":""},"categories":[3],"tags":[],"class_list":["post-32141","post","type-post","status-publish","format-standard","has-post-thumbnail","hentry","category-espectaculos"],"_links":{"self":[{"href":"https:\/\/solidaridadnews.com\/index.php?rest_route=\/wp\/v2\/posts\/32141","targetHints":{"allow":["GET"]}}],"collection":[{"href":"https:\/\/solidaridadnews.com\/index.php?rest_route=\/wp\/v2\/posts"}],"about":[{"href":"https:\/\/solidaridadnews.com\/index.php?rest_route=\/wp\/v2\/types\/post"}],"author":[{"embeddable":true,"href":"https:\/\/solidaridadnews.com\/index.php?rest_route=\/wp\/v2\/users\/1"}],"replies":[{"embeddable":true,"href":"https:\/\/solidaridadnews.com\/index.php?rest_route=%2Fwp%2Fv2%2Fcomments&post=32141"}],"version-history":[{"count":1,"href":"https:\/\/solidaridadnews.com\/index.php?rest_route=\/wp\/v2\/posts\/32141\/revisions"}],"predecessor-version":[{"id":32142,"href":"https:\/\/solidaridadnews.com\/index.php?rest_route=\/wp\/v2\/posts\/32141\/revisions\/32142"}],"wp:featuredmedia":[{"embeddable":true,"href":"https:\/\/solidaridadnews.com\/index.php?rest_route=\/wp\/v2\/media\/32143"}],"wp:attachment":[{"href":"https:\/\/solidaridadnews.com\/index.php?rest_route=%2Fwp%2Fv2%2Fmedia&parent=32141"}],"wp:term":[{"taxonomy":"category","embeddable":true,"href":"https:\/\/solidaridadnews.com\/index.php?rest_route=%2Fwp%2Fv2%2Fcategories&post=32141"},{"taxonomy":"post_tag","embeddable":true,"href":"https:\/\/solidaridadnews.com\/index.php?rest_route=%2Fwp%2Fv2%2Ftags&post=32141"}],"curies":[{"name":"wp","href":"https:\/\/api.w.org\/{rel}","templated":true}]}}