{"id":32132,"date":"2024-03-07T12:31:00","date_gmt":"2024-03-07T17:31:00","guid":{"rendered":"https:\/\/solidaridadnews.com\/?p=32132"},"modified":"2024-03-07T17:31:01","modified_gmt":"2024-03-07T17:31:01","slug":"registro-de-patentes-disminuyo-en-2023-por-primera-vez-en-14-anos-reporta-la-onu","status":"publish","type":"post","link":"https:\/\/solidaridadnews.com\/?p=32132","title":{"rendered":"Registro de patentes disminuy\u00f3 en 2023 por primera vez en 14 a\u00f1os, reporta la ONU"},"content":{"rendered":"<p>El registro de patentes internacionales disminuy\u00f3 en 2023 por primera vez en 14 a\u00f1os, debido a las tasas de inter\u00e9s m\u00e1s elevadas y a la incertidumbre econ\u00f3mica, inform\u00f3 la ONU.<\/p>\n<p>En total, 272 mil 600 patentes internacionales fueron registradas en 2023, una reducci\u00f3n de 1.8% en comparaci\u00f3n al a\u00f1o anterior, indic\u00f3 la Organizaci\u00f3n Mundial de la Propiedad Intelectual (OMPI) de la ONU en su informe anual.<\/p>\n<p>\u00abCreemos que esto refleja el entorno actualmente desfavorable para la innovaci\u00f3n y la actividad empresarial\u00bb, declar\u00f3 el jefe economista de la OMPI, Carsten Fink, en una rueda de prensa en Ginebra.<\/p>\n<p>La incertidumbre econ\u00f3mica y sobre todo el alza de las tasas de inter\u00e9s est\u00e1n consideradas como las principales razones de este declive.<\/p>\n<p>Pero, seg\u00fan Fink, se trata de un fen\u00f3meno \u00abc\u00edclico\u00bb vinculado a la coyuntura.<\/p>\n<p>Habr\u00e1 m\u00e1s registros de patentes \u00abcuando el entorno externo mejore\u00bb, explic\u00f3.<\/p>\n<p>Para las patentes presentadas en el marco del Tratado de Cooperaci\u00f3n en materia de Patentes (PCT), China encabeza la lista, con 69 mil 610 registros, una cifra en baja de 0.6% respecto al 2022.<\/p>\n<p>Estados Unidos tambi\u00e9n retrocedi\u00f3, de forma m\u00e1s marcada, con una disminuci\u00f3n de 5.3%, pero sigue en segunda posici\u00f3n con 55.678 patentes.<\/p>\n<p>India registr\u00f3 un aumento espectacular (+44,6%) pero el total sigue siendo modesto (3 mil 791).<\/p>\n","protected":false},"excerpt":{"rendered":"<p>El registro de patentes internacionales disminuy\u00f3 en 2023 por primera vez en 14 a\u00f1os, debido a las tasas de inter\u00e9s m\u00e1s elevadas y a la incertidumbre econ\u00f3mica, inform\u00f3 la ONU. En total, 272 mil 600 patentes internacionales fueron registradas en 2023, una reducci\u00f3n de 1.8% en comparaci\u00f3n al a\u00f1o anterior, indic\u00f3 la Organizaci\u00f3n Mundial de [&hellip;]<\/p>\n","protected":false},"author":1,"featured_media":32134,"comment_status":"open","ping_status":"closed","sticky":false,"template":"","format":"standard","meta":{"footnotes":""},"categories":[9],"tags":[],"class_list":["post-32132","post","type-post","status-publish","format-standard","has-post-thumbnail","hentry","category-internacional"],"_links":{"self":[{"href":"https:\/\/solidaridadnews.com\/index.php?rest_route=\/wp\/v2\/posts\/32132","targetHints":{"allow":["GET"]}}],"collection":[{"href":"https:\/\/solidaridadnews.com\/index.php?rest_route=\/wp\/v2\/posts"}],"about":[{"href":"https:\/\/solidaridadnews.com\/index.php?rest_route=\/wp\/v2\/types\/post"}],"author":[{"embeddable":true,"href":"https:\/\/solidaridadnews.com\/index.php?rest_route=\/wp\/v2\/users\/1"}],"replies":[{"embeddable":true,"href":"https:\/\/solidaridadnews.com\/index.php?rest_route=%2Fwp%2Fv2%2Fcomments&post=32132"}],"version-history":[{"count":1,"href":"https:\/\/solidaridadnews.com\/index.php?rest_route=\/wp\/v2\/posts\/32132\/revisions"}],"predecessor-version":[{"id":32133,"href":"https:\/\/solidaridadnews.com\/index.php?rest_route=\/wp\/v2\/posts\/32132\/revisions\/32133"}],"wp:featuredmedia":[{"embeddable":true,"href":"https:\/\/solidaridadnews.com\/index.php?rest_route=\/wp\/v2\/media\/32134"}],"wp:attachment":[{"href":"https:\/\/solidaridadnews.com\/index.php?rest_route=%2Fwp%2Fv2%2Fmedia&parent=32132"}],"wp:term":[{"taxonomy":"category","embeddable":true,"href":"https:\/\/solidaridadnews.com\/index.php?rest_route=%2Fwp%2Fv2%2Fcategories&post=32132"},{"taxonomy":"post_tag","embeddable":true,"href":"https:\/\/solidaridadnews.com\/index.php?rest_route=%2Fwp%2Fv2%2Ftags&post=32132"}],"curies":[{"name":"wp","href":"https:\/\/api.w.org\/{rel}","templated":true}]}}