{"id":32129,"date":"2024-03-07T11:32:30","date_gmt":"2024-03-07T16:32:30","guid":{"rendered":"https:\/\/solidaridadnews.com\/?p=32129"},"modified":"2024-03-07T16:32:31","modified_gmt":"2024-03-07T16:32:31","slug":"regularizacion-de-autos-chocolate-se-mantendra-hasta-fin-de-sexenio-rosa-icela","status":"publish","type":"post","link":"https:\/\/solidaridadnews.com\/?p=32129","title":{"rendered":"Regularizaci\u00f3n de autos &#8216;chocolate&#8217; se mantendr\u00e1 hasta fin de sexenio: Rosa Icela"},"content":{"rendered":"<p>Hoy, la titular de la Secretar\u00eda de Seguridad y Protecci\u00f3n Ciudadana (SSPC), Rosa Icela Rodr\u00edguez Vel\u00e1zquez, dio a conocer que por instrucci\u00f3n del presidente de M\u00e9xico, Andr\u00e9s Manuel L\u00f3pez Obrador, el programa \u201cRegularizaci\u00f3n de veh\u00edculos usados de procedencia extranjera\u201d, se ampliar\u00e1 hasta finalizar el actual sexenio.<\/p>\n<p>Lo anterior lo revel\u00f3 primero el mandatario mexicano, para despu\u00e9s ser secundada la decisi\u00f3n por la funcionaria en el marco de la conferencia ma\u00f1anera del jefe de Estado, que este jueves 7 de marzo tuvo lugar en Tamaulipas, desde donde se dieron a conocer importantes cifras en cuanto a la regularizaci\u00f3n de los denominados autos \u201cchocolate\u201d.<\/p>\n<p>Ya el presidente nos ha dado instrucciones para que el decreto se realice hasta el \u00faltimo d\u00eda de su gobierno. La instrucci\u00f3n fue muy precisa para nosotros del apoyo a la poblaci\u00f3n de esta acci\u00f3n\u00bb, dijo la titular de la SSPC.<\/p>\n<p>En este contexto, Rodr\u00edguez Vel\u00e1zquez inform\u00f3 que Tamaulipas es el estado que m\u00e1s veh\u00edculos ha regularizado desde el 19 de marzo de 2022 al 6 de marzo de 20224, seguido de Chihuahua y Baja California, los cuales concentran el 50.8 por ciento del total.<\/p>\n<p>&nbsp;<\/p>\n","protected":false},"excerpt":{"rendered":"<p>Hoy, la titular de la Secretar\u00eda de Seguridad y Protecci\u00f3n Ciudadana (SSPC), Rosa Icela Rodr\u00edguez Vel\u00e1zquez, dio a conocer que por instrucci\u00f3n del presidente de M\u00e9xico, Andr\u00e9s Manuel L\u00f3pez Obrador, el programa \u201cRegularizaci\u00f3n de veh\u00edculos usados de procedencia extranjera\u201d, se ampliar\u00e1 hasta finalizar el actual sexenio. Lo anterior lo revel\u00f3 primero el mandatario mexicano, para [&hellip;]<\/p>\n","protected":false},"author":1,"featured_media":32131,"comment_status":"open","ping_status":"closed","sticky":false,"template":"","format":"standard","meta":{"footnotes":""},"categories":[2],"tags":[],"class_list":["post-32129","post","type-post","status-publish","format-standard","has-post-thumbnail","hentry","category-nacional"],"_links":{"self":[{"href":"https:\/\/solidaridadnews.com\/index.php?rest_route=\/wp\/v2\/posts\/32129","targetHints":{"allow":["GET"]}}],"collection":[{"href":"https:\/\/solidaridadnews.com\/index.php?rest_route=\/wp\/v2\/posts"}],"about":[{"href":"https:\/\/solidaridadnews.com\/index.php?rest_route=\/wp\/v2\/types\/post"}],"author":[{"embeddable":true,"href":"https:\/\/solidaridadnews.com\/index.php?rest_route=\/wp\/v2\/users\/1"}],"replies":[{"embeddable":true,"href":"https:\/\/solidaridadnews.com\/index.php?rest_route=%2Fwp%2Fv2%2Fcomments&post=32129"}],"version-history":[{"count":1,"href":"https:\/\/solidaridadnews.com\/index.php?rest_route=\/wp\/v2\/posts\/32129\/revisions"}],"predecessor-version":[{"id":32130,"href":"https:\/\/solidaridadnews.com\/index.php?rest_route=\/wp\/v2\/posts\/32129\/revisions\/32130"}],"wp:featuredmedia":[{"embeddable":true,"href":"https:\/\/solidaridadnews.com\/index.php?rest_route=\/wp\/v2\/media\/32131"}],"wp:attachment":[{"href":"https:\/\/solidaridadnews.com\/index.php?rest_route=%2Fwp%2Fv2%2Fmedia&parent=32129"}],"wp:term":[{"taxonomy":"category","embeddable":true,"href":"https:\/\/solidaridadnews.com\/index.php?rest_route=%2Fwp%2Fv2%2Fcategories&post=32129"},{"taxonomy":"post_tag","embeddable":true,"href":"https:\/\/solidaridadnews.com\/index.php?rest_route=%2Fwp%2Fv2%2Ftags&post=32129"}],"curies":[{"name":"wp","href":"https:\/\/api.w.org\/{rel}","templated":true}]}}