{"id":32126,"date":"2024-03-07T11:04:26","date_gmt":"2024-03-07T16:04:26","guid":{"rendered":"https:\/\/solidaridadnews.com\/?p=32126"},"modified":"2024-03-07T16:04:29","modified_gmt":"2024-03-07T16:04:29","slug":"anne-hathaway-brilla-en-el-primer-avance-de-la-idea-de-ti-el-rumoreado-fan-fiction-sobre-harry-styles","status":"publish","type":"post","link":"https:\/\/solidaridadnews.com\/?p=32126","title":{"rendered":"Anne Hathaway brilla en el primer avance de &#8216;La idea de ti&#8217;, el rumoreado fan fiction sobre Harry Styles"},"content":{"rendered":"<p>\u00bfListos para una historia de amor basada en \u00a1Harry Styles!? O al menos eso se cuenta y es que Prime Video lanz\u00f3 el primer avance de La idea de Ti, el cual combina el talento incomparable de Anne Hathaway y los rumores de ser un fan fiction inspirado en Harry Styles. La pel\u00edcula promete cautivar a la audiencia con su intrigante trama y el carisma de sus protagonistas.<\/p>\n<p>Anne Hathaway asume el rol de Sol\u00e8ne Marchand, una mujer de 40 a\u00f1os, madre soltera, cuya vida toma un giro inesperado al sumergirse en un romance con Hayes Campbell, interpretado por un joven actor de 24 a\u00f1os.<\/p>\n<p>Campbell no es un joven cualquiera; es el l\u00edder de August Moon, la boy band que domina las listas de popularidad del momento. Este inusual encuentro se da bajo las luces y la euforia de un concierto al que Sol\u00e8ne asiste acompa\u00f1ando a su hija, desencadenando una serie de eventos que desaf\u00edan las convenciones y exploran la complejidad de un amor no convencional.<br \/>\nEl trailer, con una duraci\u00f3n de 2:30 minutos, sumerge al espectador en el coraz\u00f3n de la historia, presentando el inicio del romance entre Sol\u00e8ne y Hayes, desde su fortuito encuentro hasta el desarrollo de su relaci\u00f3n, llena de desaf\u00edos y pasiones inesperadas.<\/p>\n<p>La direcci\u00f3n de Michael Showalter promete llevar esta narrativa a nuevas alturas, con un reparto que complementa el brillo de Hathaway, incluyendo a Ella Rubin y Reid Scott, y la sorpresiva participaci\u00f3n del ic\u00f3nico presentador brit\u00e1nico Graham Norton.<\/p>\n<p>\u00bfEst\u00e1 inspirada en Harry Styles y Olivia Wilde?<br \/>\nAunque el trasfondo de La idea de ti\u00bb ha generado especulaciones sobre su posible inspiraci\u00f3n en la relaci\u00f3n entre Harry Styles y Olivia Wilde, Robin Lee, la autora del libro en el que se basa el guion, ha aclarado que su intenci\u00f3n nunca fue recrear eventos de la vida real.<\/p>\n<p>En cambio, Lee aspira a contar la historia de una mujer madura que desaf\u00eda las expectativas sociales sobre la atracci\u00f3n y el amor, brindando una perspectiva fresca y profunda sobre las relaciones amorosas en el siglo XXI.<\/p>\n<p>La expectativa alrededor de La idea de ti no solo radica en su intrigante trama y el estelar desempe\u00f1o de Hathaway, sino tambi\u00e9n en c\u00f3mo aborda temas de amor, edad, fama y los prejuicios sociales. Con un estreno programado para el pr\u00f3ximo 2 de julio en Amazon Prime, la pel\u00edcula se perfila como una de las propuestas m\u00e1s emocionantes y comentadas del a\u00f1o.<\/p>\n","protected":false},"excerpt":{"rendered":"<p>\u00bfListos para una historia de amor basada en \u00a1Harry Styles!? O al menos eso se cuenta y es que Prime Video lanz\u00f3 el primer avance de La idea de Ti, el cual combina el talento incomparable de Anne Hathaway y los rumores de ser un fan fiction inspirado en Harry Styles. La pel\u00edcula promete cautivar [&hellip;]<\/p>\n","protected":false},"author":1,"featured_media":32128,"comment_status":"open","ping_status":"closed","sticky":false,"template":"","format":"standard","meta":{"footnotes":""},"categories":[3],"tags":[],"class_list":["post-32126","post","type-post","status-publish","format-standard","has-post-thumbnail","hentry","category-espectaculos"],"_links":{"self":[{"href":"https:\/\/solidaridadnews.com\/index.php?rest_route=\/wp\/v2\/posts\/32126","targetHints":{"allow":["GET"]}}],"collection":[{"href":"https:\/\/solidaridadnews.com\/index.php?rest_route=\/wp\/v2\/posts"}],"about":[{"href":"https:\/\/solidaridadnews.com\/index.php?rest_route=\/wp\/v2\/types\/post"}],"author":[{"embeddable":true,"href":"https:\/\/solidaridadnews.com\/index.php?rest_route=\/wp\/v2\/users\/1"}],"replies":[{"embeddable":true,"href":"https:\/\/solidaridadnews.com\/index.php?rest_route=%2Fwp%2Fv2%2Fcomments&post=32126"}],"version-history":[{"count":1,"href":"https:\/\/solidaridadnews.com\/index.php?rest_route=\/wp\/v2\/posts\/32126\/revisions"}],"predecessor-version":[{"id":32127,"href":"https:\/\/solidaridadnews.com\/index.php?rest_route=\/wp\/v2\/posts\/32126\/revisions\/32127"}],"wp:featuredmedia":[{"embeddable":true,"href":"https:\/\/solidaridadnews.com\/index.php?rest_route=\/wp\/v2\/media\/32128"}],"wp:attachment":[{"href":"https:\/\/solidaridadnews.com\/index.php?rest_route=%2Fwp%2Fv2%2Fmedia&parent=32126"}],"wp:term":[{"taxonomy":"category","embeddable":true,"href":"https:\/\/solidaridadnews.com\/index.php?rest_route=%2Fwp%2Fv2%2Fcategories&post=32126"},{"taxonomy":"post_tag","embeddable":true,"href":"https:\/\/solidaridadnews.com\/index.php?rest_route=%2Fwp%2Fv2%2Ftags&post=32126"}],"curies":[{"name":"wp","href":"https:\/\/api.w.org\/{rel}","templated":true}]}}