{"id":32123,"date":"2024-03-07T10:30:32","date_gmt":"2024-03-07T15:30:32","guid":{"rendered":"https:\/\/solidaridadnews.com\/?p=32123"},"modified":"2024-03-07T15:30:33","modified_gmt":"2024-03-07T15:30:33","slug":"chivas-vs-america-18-anos-pasaron-para-que-raul-orvananos-volviera-a-narrar-el-clasico-nacional","status":"publish","type":"post","link":"https:\/\/solidaridadnews.com\/?p=32123","title":{"rendered":"Chivas vs Am\u00e9rica: 18 a\u00f1os pasaron para que Ra\u00fal Orva\u00f1anos volviera a narrar el Cl\u00e1sico Nacional"},"content":{"rendered":"<p>Ayer mi\u00e9rcoles las Chivas Rayadas de Guadalajara recibieron en el Akron a las \u00c1guilas del Am\u00e9rica en el encuentro de Ida de los Octavos de Final de la Concacaf Liga de Campeones, competici\u00f3n que es exclusiva de Fox Sports y que le permiti\u00f3 a Ra\u00fal Orva\u00f1anos volver a narrar un Cl\u00e1sico Nacional.<\/p>\n<p>En sus redes sociales, el narrador de Fox Sports comparti\u00f3 un video en donde cont\u00f3 cu\u00e1ndo fue la \u00faltima vez que tuvo el honor de estar al frente de una transmisi\u00f3n de un Chivas vs Am\u00e9rica, siendo 2006 el \u00faltimo encuentro de esta \u00edndole en donde Orva\u00f1anos estuvo en una cabina durante un Cl\u00e1sico de Cl\u00e1sicos.<\/p>\n<p>\u00abVuelvo a narrar un cl\u00e1sico despu\u00e9s de muchos a\u00f1os, la \u00faltima vez que narr\u00e9 un cl\u00e1sico fue en 2006 en el Estadio Jalisco, y aqu\u00ed nunca he narrado ning\u00fan cl\u00e1sico, si en el Estadio Jalisco narr\u00e9 cualquier cantidad de cl\u00e1sicos, lo mismo que en el Azteca, pero aqu\u00ed no\u00bb, coment\u00f3.<\/p>\n<p>Asimismo, el narrador de Fox Sports asegur\u00f3 que nunca hab\u00eda tenido la oportunidad de narrar un cl\u00e1sico en el Akron, recordando que cuando debut\u00f3 en su actual televisora fue en un partido de Copa Libertadores pero en el Estadio Jalisco.<\/p>\n<p>\u00abEl partido en el que yo debuto en Fox Sports es en Guadalajara, en Copa Libertadores, y es un partido de Chivas vs Sao Paulo, pero es tambi\u00e9n en el Estadio Jalisco, no se hab\u00eda inaugurado este, la verdad me da mucho gusto regresar a Guadalajara y narrar en cl\u00e1sico, hace muchos a\u00f1os que no lo hago\u00bb, finaliz\u00f3.<\/p>\n","protected":false},"excerpt":{"rendered":"<p>Ayer mi\u00e9rcoles las Chivas Rayadas de Guadalajara recibieron en el Akron a las \u00c1guilas del Am\u00e9rica en el encuentro de Ida de los Octavos de Final de la Concacaf Liga de Campeones, competici\u00f3n que es exclusiva de Fox Sports y que le permiti\u00f3 a Ra\u00fal Orva\u00f1anos volver a narrar un Cl\u00e1sico Nacional. En sus redes [&hellip;]<\/p>\n","protected":false},"author":1,"featured_media":32125,"comment_status":"open","ping_status":"closed","sticky":false,"template":"","format":"standard","meta":{"footnotes":""},"categories":[6],"tags":[],"class_list":["post-32123","post","type-post","status-publish","format-standard","has-post-thumbnail","hentry","category-deportes"],"_links":{"self":[{"href":"https:\/\/solidaridadnews.com\/index.php?rest_route=\/wp\/v2\/posts\/32123","targetHints":{"allow":["GET"]}}],"collection":[{"href":"https:\/\/solidaridadnews.com\/index.php?rest_route=\/wp\/v2\/posts"}],"about":[{"href":"https:\/\/solidaridadnews.com\/index.php?rest_route=\/wp\/v2\/types\/post"}],"author":[{"embeddable":true,"href":"https:\/\/solidaridadnews.com\/index.php?rest_route=\/wp\/v2\/users\/1"}],"replies":[{"embeddable":true,"href":"https:\/\/solidaridadnews.com\/index.php?rest_route=%2Fwp%2Fv2%2Fcomments&post=32123"}],"version-history":[{"count":1,"href":"https:\/\/solidaridadnews.com\/index.php?rest_route=\/wp\/v2\/posts\/32123\/revisions"}],"predecessor-version":[{"id":32124,"href":"https:\/\/solidaridadnews.com\/index.php?rest_route=\/wp\/v2\/posts\/32123\/revisions\/32124"}],"wp:featuredmedia":[{"embeddable":true,"href":"https:\/\/solidaridadnews.com\/index.php?rest_route=\/wp\/v2\/media\/32125"}],"wp:attachment":[{"href":"https:\/\/solidaridadnews.com\/index.php?rest_route=%2Fwp%2Fv2%2Fmedia&parent=32123"}],"wp:term":[{"taxonomy":"category","embeddable":true,"href":"https:\/\/solidaridadnews.com\/index.php?rest_route=%2Fwp%2Fv2%2Fcategories&post=32123"},{"taxonomy":"post_tag","embeddable":true,"href":"https:\/\/solidaridadnews.com\/index.php?rest_route=%2Fwp%2Fv2%2Ftags&post=32123"}],"curies":[{"name":"wp","href":"https:\/\/api.w.org\/{rel}","templated":true}]}}