{"id":32110,"date":"2024-03-06T10:16:22","date_gmt":"2024-03-06T15:16:22","guid":{"rendered":"https:\/\/solidaridadnews.com\/?p=32110"},"modified":"2024-03-06T15:16:23","modified_gmt":"2024-03-06T15:16:23","slug":"papa-francisco-sigue-resfriado-pero-celebra-la-audiencia-general","status":"publish","type":"post","link":"https:\/\/solidaridadnews.com\/?p=32110","title":{"rendered":"Papa Francisco sigue resfriado, pero celebra la audiencia general"},"content":{"rendered":"<p>El papa Francisco celebr\u00f3 este mi\u00e9rcoles la audiencia general en la plaza de San Pedro, y no en el interior del aula Pablo VI, a pesar de la fr\u00eda ma\u00f1ana en Roma, y de nuevo no ley\u00f3 la catequesis que ten\u00eda preparada, sino que lo hizo un colaborador porque afirm\u00f3 que sigue resfriado.<br \/>\nFrancisco arrastra desde hace m\u00e1s de una semana un resfriado que le ha hecho cancelar algunos actos y por el que el pasado el mi\u00e9rcoles, tras la audiencia general, acudi\u00f3 al hospital Gemelli de la isla Tiberina, en el centro de Roma, para algunas pruebas.<\/p>\n<p>Aunque el pont\u00edfice retom\u00f3 normalmente su agenda, sin embargo no ha le\u00eddo sus discursos porque aseguraba que se cansa cuando tiene que leer mucho, aunque s\u00ed que pronuncia sus llamamientos.<\/p>\n<p>A finales de noviembre, el papa Francisco sufri\u00f3 una bronquitis por la que tuvo que anular algunos de los actos y celebrar el \u00e1ngelus en privado y tambi\u00e9n ser sustituido por un colaborador para leer sus discursos.<\/p>\n<p>Para permitir su recuperaci\u00f3n, el pont\u00edfice argentino anul\u00f3 el viaje previsto a principios de diciembre a Dub\u00e1i para participar en la cumbre del Clima.<\/p>\n<p>Pero despu\u00e9s se recuper\u00f3 totalmente e incluso el 8 de diciembre acudi\u00f3 a la plaza de Espa\u00f1a al tradicional homenaje a la Virgen de la Inmaculada.<\/p>\n<p>El Vaticano ha confirmado la presencia del papa en todos los actos de la Semana Santa, desde el Domingo de Ramos del 24 de marzo al 31 de marzo, con la misa de Resurrecci\u00f3n.<\/p>\n","protected":false},"excerpt":{"rendered":"<p>El papa Francisco celebr\u00f3 este mi\u00e9rcoles la audiencia general en la plaza de San Pedro, y no en el interior del aula Pablo VI, a pesar de la fr\u00eda ma\u00f1ana en Roma, y de nuevo no ley\u00f3 la catequesis que ten\u00eda preparada, sino que lo hizo un colaborador porque afirm\u00f3 que sigue resfriado. Francisco arrastra [&hellip;]<\/p>\n","protected":false},"author":1,"featured_media":32112,"comment_status":"open","ping_status":"closed","sticky":false,"template":"","format":"standard","meta":{"footnotes":""},"categories":[9],"tags":[],"class_list":["post-32110","post","type-post","status-publish","format-standard","has-post-thumbnail","hentry","category-internacional"],"_links":{"self":[{"href":"https:\/\/solidaridadnews.com\/index.php?rest_route=\/wp\/v2\/posts\/32110","targetHints":{"allow":["GET"]}}],"collection":[{"href":"https:\/\/solidaridadnews.com\/index.php?rest_route=\/wp\/v2\/posts"}],"about":[{"href":"https:\/\/solidaridadnews.com\/index.php?rest_route=\/wp\/v2\/types\/post"}],"author":[{"embeddable":true,"href":"https:\/\/solidaridadnews.com\/index.php?rest_route=\/wp\/v2\/users\/1"}],"replies":[{"embeddable":true,"href":"https:\/\/solidaridadnews.com\/index.php?rest_route=%2Fwp%2Fv2%2Fcomments&post=32110"}],"version-history":[{"count":1,"href":"https:\/\/solidaridadnews.com\/index.php?rest_route=\/wp\/v2\/posts\/32110\/revisions"}],"predecessor-version":[{"id":32111,"href":"https:\/\/solidaridadnews.com\/index.php?rest_route=\/wp\/v2\/posts\/32110\/revisions\/32111"}],"wp:featuredmedia":[{"embeddable":true,"href":"https:\/\/solidaridadnews.com\/index.php?rest_route=\/wp\/v2\/media\/32112"}],"wp:attachment":[{"href":"https:\/\/solidaridadnews.com\/index.php?rest_route=%2Fwp%2Fv2%2Fmedia&parent=32110"}],"wp:term":[{"taxonomy":"category","embeddable":true,"href":"https:\/\/solidaridadnews.com\/index.php?rest_route=%2Fwp%2Fv2%2Fcategories&post=32110"},{"taxonomy":"post_tag","embeddable":true,"href":"https:\/\/solidaridadnews.com\/index.php?rest_route=%2Fwp%2Fv2%2Ftags&post=32110"}],"curies":[{"name":"wp","href":"https:\/\/api.w.org\/{rel}","templated":true}]}}