{"id":32107,"date":"2024-03-06T09:46:15","date_gmt":"2024-03-06T14:46:15","guid":{"rendered":"https:\/\/solidaridadnews.com\/?p=32107"},"modified":"2024-03-06T14:46:16","modified_gmt":"2024-03-06T14:46:16","slug":"ema-busca-que-100-de-autos-sean-electricos","status":"publish","type":"post","link":"https:\/\/solidaridadnews.com\/?p=32107","title":{"rendered":"EMA busca que 100% de autos sean el\u00e9ctricos"},"content":{"rendered":"<p>M\u00e9xico tiene el potencial para que el 100% de los autos que se vendan en 2035 sean totalmente el\u00e9ctricos, para ellos es necesario que el gobierno el federal impulse una serie de acciones que permitan dar este impulso.<\/p>\n<p>Durante el lanzamiento oficial de la nueva Asociaci\u00f3n de Electromovilidad (EMA), su presidenta Shirley Wagner, asegur\u00f3 que es necesario lograr estas metas para apoyar los objetivos econ\u00f3micos, ambientales y de salud p\u00fablica del pa\u00eds, de lo contrario podr\u00edamos quedar rezagados del resto del mundo.<\/p>\n<p>La directiva dijo que una vez que se ha logrado conformar la EMA buscar\u00e1n dialogar con las autoridades, principalmente con la Comisi\u00f3n Reguladora de Energ\u00eda (CRE), as\u00ed como analizar el reciente anteproyecto que contiene las posibles disposiciones para regular la electromovilidad.<\/p>\n<p>La Asociaci\u00f3n impulsar\u00e1 acciones coordinadas con el sector p\u00fablico, privado y social que permitan cumplir con el ambicioso objetivo de impulsar que las ventas anuales de veh\u00edculos el\u00e9ctricos representen el 50% para 2030 y el 100% a m\u00e1s tardar en 2035. Para ello se propondr\u00e1 priorizar la electrificaci\u00f3n en las grandes ciudades, as\u00ed como la de los veh\u00edculos de alto uso, como los utilizados por empresas, taxis, plataformas de movilidad y transporte p\u00fablico que son de los principales impulsores de la movilidad el\u00e9ctrica a nivel global\u201d, dijo.<\/p>\n<p>ELECCIONES PRESIDENCIALES<br \/>\nEntrevistada al t\u00e9rmino del evento asegur\u00f3 que tambi\u00e9n buscar\u00e1n un acercamiento con los tres candidatos presidenciales a fin de darles a conocer y puedan entender \u201cel gran\u201d potencial que tiene el sector en el pa\u00eds y poder incentivarlo.<\/p>\n<p>Sin embargo, destac\u00f3 que la siguiente administraci\u00f3n debe tomar en cuenta la necesidad de trabajar en conjunto con la iniciativa privada, as\u00ed como contar con pol\u00edticas p\u00fablicas y regulaci\u00f3n, pues esto permitir\u00e1 garantizar no s\u00f3lo el retorno de las inversiones que se est\u00e1n haciendo en torno a este sector, si no las metas de sustentabilidad.<\/p>\n<p>Constantemente se est\u00e1 anunciando la inversi\u00f3n en infraestructura, pero est\u00e1n llegando muchas m\u00e1s empresas de este sector y el resto de la cadena de valor a M\u00e9xico. El pa\u00eds es grande y sabemos que es un reto importante (la electromovilidad) sobre todo para el transporte de carga, y por eso es un objetivo en el que tenemos que seguir trabajando\u201d.<\/p>\n<p>Reconoci\u00f3 que uno de los retos a los que se est\u00e1n enfrentando es el desconocimiento de la tecnolog\u00eda por parte de los clientes finales, por ello, consider\u00f3 necesario \u201ceducar\u201d a los consumidores sobre las ventajas de estas unidades, al mismo tiempo que se capacita al personal necesario para atender cualquier desperfecto o dar mantenimiento.<\/p>\n","protected":false},"excerpt":{"rendered":"<p>M\u00e9xico tiene el potencial para que el 100% de los autos que se vendan en 2035 sean totalmente el\u00e9ctricos, para ellos es necesario que el gobierno el federal impulse una serie de acciones que permitan dar este impulso. Durante el lanzamiento oficial de la nueva Asociaci\u00f3n de Electromovilidad (EMA), su presidenta Shirley Wagner, asegur\u00f3 que [&hellip;]<\/p>\n","protected":false},"author":1,"featured_media":32109,"comment_status":"open","ping_status":"closed","sticky":false,"template":"","format":"standard","meta":{"footnotes":""},"categories":[2],"tags":[],"class_list":["post-32107","post","type-post","status-publish","format-standard","has-post-thumbnail","hentry","category-nacional"],"_links":{"self":[{"href":"https:\/\/solidaridadnews.com\/index.php?rest_route=\/wp\/v2\/posts\/32107","targetHints":{"allow":["GET"]}}],"collection":[{"href":"https:\/\/solidaridadnews.com\/index.php?rest_route=\/wp\/v2\/posts"}],"about":[{"href":"https:\/\/solidaridadnews.com\/index.php?rest_route=\/wp\/v2\/types\/post"}],"author":[{"embeddable":true,"href":"https:\/\/solidaridadnews.com\/index.php?rest_route=\/wp\/v2\/users\/1"}],"replies":[{"embeddable":true,"href":"https:\/\/solidaridadnews.com\/index.php?rest_route=%2Fwp%2Fv2%2Fcomments&post=32107"}],"version-history":[{"count":1,"href":"https:\/\/solidaridadnews.com\/index.php?rest_route=\/wp\/v2\/posts\/32107\/revisions"}],"predecessor-version":[{"id":32108,"href":"https:\/\/solidaridadnews.com\/index.php?rest_route=\/wp\/v2\/posts\/32107\/revisions\/32108"}],"wp:featuredmedia":[{"embeddable":true,"href":"https:\/\/solidaridadnews.com\/index.php?rest_route=\/wp\/v2\/media\/32109"}],"wp:attachment":[{"href":"https:\/\/solidaridadnews.com\/index.php?rest_route=%2Fwp%2Fv2%2Fmedia&parent=32107"}],"wp:term":[{"taxonomy":"category","embeddable":true,"href":"https:\/\/solidaridadnews.com\/index.php?rest_route=%2Fwp%2Fv2%2Fcategories&post=32107"},{"taxonomy":"post_tag","embeddable":true,"href":"https:\/\/solidaridadnews.com\/index.php?rest_route=%2Fwp%2Fv2%2Ftags&post=32107"}],"curies":[{"name":"wp","href":"https:\/\/api.w.org\/{rel}","templated":true}]}}