{"id":32064,"date":"2024-03-03T13:25:50","date_gmt":"2024-03-03T18:25:50","guid":{"rendered":"https:\/\/solidaridadnews.com\/?p=32064"},"modified":"2024-03-03T18:25:51","modified_gmt":"2024-03-03T18:25:51","slug":"carin-leon-y-kane-brown-fusionan-generos-en-la-cancion-the-one-pero-no-como-yo","status":"publish","type":"post","link":"https:\/\/solidaridadnews.com\/?p=32064","title":{"rendered":"Carin Le\u00f3n y Kane Brown fusionan g\u00e9neros en la canci\u00f3n \u2018The one (pero no como yo)\u2019"},"content":{"rendered":"<p>El mexicano Carin Le\u00f3n y el cantante estadounidense de country Kane Brown se unieron para la canci\u00f3n \u2018The one (pero no como yo)\u2018, una \u201cincre\u00edble fusi\u00f3n de g\u00e9neros\u201d, inform\u00f3 la oficina del cantante de \u2018Seg\u00fan quien\u2019.<\/p>\n<p>\u201cEste fascinante encuentro musical entre dos gigantes, representantes de la m\u00fasica mexicana y la m\u00fasica country respectivamente, se ha convertido en uno de los temas m\u00e1s elogiados y comentados gracias a su incre\u00edble fusi\u00f3n de g\u00e9neros\u201d, detall\u00f3 la agencia de Le\u00f3n en un comunicado.<\/p>\n<p>Justamente, la oficina destaca que Brown, conocido por canciones como \u2018Thanks God\u2019 o \u2018Heaven\u2019, \u201cestuvo acompa\u00f1ando a Le\u00f3n, durante la noche que alcanz\u00f3 un hito al conquistar con su m\u00fasica uno de los recintos m\u00e1s emblem\u00e1ticos de la m\u00fasica country, el Grand Ole Opry de Nashville\u201d, en Estados Unidos.<\/p>\n<p>\u201cUna haza\u00f1a que subraya la versatilidad y alcance internacional de Carin Le\u00f3n, consolid\u00e1ndolo como una figura destacada en la escena musical actual\u201d, agreg\u00f3 la informaci\u00f3n.<\/p>\n<p>Adem\u00e1s, celebr\u00f3 que Le\u00f3n haya alcanzado el n\u00famero 1 del Regional Mexican Airplay de Billboard con el sencillo \u2018ALCH SI\u2019, con el Grupo Frontera.<\/p>\n<p>En este tema, explic\u00f3 la oficina, \u201ccombina armoniosamente ritmos country con sonidos mexicanos, donde el acorde\u00f3n se convierte en protagonista de este tema, en el que expresan su tristeza por sus relaciones pasadas\u201d.<\/p>\n<p>La oficina tambi\u00e9n adelant\u00f3 que Car\u00edn Le\u00f3n \u201cmuy pronto se embarcar\u00e1 en una nueva aventura al participar en el festival de Coachella 2024 y en la destacada cartelera musical de Stagecoach, posicionandose como el primer artista de habla hispana en participar en ambos eventos simult\u00e1neamente\u201d.<\/p>\n<p>Le\u00f3n cuenta ya con \u00e9xitos comprobados con estrellas de reggaeton o pop urbano, como Camilo, Reik, o Maluma, y con los mejores de la escena mexicana, como Grupo Firme o Grupo Frontera, as\u00ed como con destacadas colaboraciones con nombres clave de la escena espa\u00f1ola como C. Tangana o Pablo Albor\u00e1n.<\/p>\n<p>El cantante, nacido en la ciudad de Hermosillo, es uno de los artistas mexicanos m\u00e1s importantes de su generaci\u00f3n y uno de los responsables del auge de la m\u00fasica mexicana contempor\u00e1nea a los primeros puestos de las listas de \u00e9xitos mundiales.<\/p>\n","protected":false},"excerpt":{"rendered":"<p>El mexicano Carin Le\u00f3n y el cantante estadounidense de country Kane Brown se unieron para la canci\u00f3n \u2018The one (pero no como yo)\u2018, una \u201cincre\u00edble fusi\u00f3n de g\u00e9neros\u201d, inform\u00f3 la oficina del cantante de \u2018Seg\u00fan quien\u2019. \u201cEste fascinante encuentro musical entre dos gigantes, representantes de la m\u00fasica mexicana y la m\u00fasica country respectivamente, se ha [&hellip;]<\/p>\n","protected":false},"author":1,"featured_media":32066,"comment_status":"open","ping_status":"closed","sticky":false,"template":"","format":"standard","meta":{"footnotes":""},"categories":[3],"tags":[],"class_list":["post-32064","post","type-post","status-publish","format-standard","has-post-thumbnail","hentry","category-espectaculos"],"_links":{"self":[{"href":"https:\/\/solidaridadnews.com\/index.php?rest_route=\/wp\/v2\/posts\/32064","targetHints":{"allow":["GET"]}}],"collection":[{"href":"https:\/\/solidaridadnews.com\/index.php?rest_route=\/wp\/v2\/posts"}],"about":[{"href":"https:\/\/solidaridadnews.com\/index.php?rest_route=\/wp\/v2\/types\/post"}],"author":[{"embeddable":true,"href":"https:\/\/solidaridadnews.com\/index.php?rest_route=\/wp\/v2\/users\/1"}],"replies":[{"embeddable":true,"href":"https:\/\/solidaridadnews.com\/index.php?rest_route=%2Fwp%2Fv2%2Fcomments&post=32064"}],"version-history":[{"count":1,"href":"https:\/\/solidaridadnews.com\/index.php?rest_route=\/wp\/v2\/posts\/32064\/revisions"}],"predecessor-version":[{"id":32065,"href":"https:\/\/solidaridadnews.com\/index.php?rest_route=\/wp\/v2\/posts\/32064\/revisions\/32065"}],"wp:featuredmedia":[{"embeddable":true,"href":"https:\/\/solidaridadnews.com\/index.php?rest_route=\/wp\/v2\/media\/32066"}],"wp:attachment":[{"href":"https:\/\/solidaridadnews.com\/index.php?rest_route=%2Fwp%2Fv2%2Fmedia&parent=32064"}],"wp:term":[{"taxonomy":"category","embeddable":true,"href":"https:\/\/solidaridadnews.com\/index.php?rest_route=%2Fwp%2Fv2%2Fcategories&post=32064"},{"taxonomy":"post_tag","embeddable":true,"href":"https:\/\/solidaridadnews.com\/index.php?rest_route=%2Fwp%2Fv2%2Ftags&post=32064"}],"curies":[{"name":"wp","href":"https:\/\/api.w.org\/{rel}","templated":true}]}}