{"id":32039,"date":"2024-02-29T10:48:40","date_gmt":"2024-02-29T15:48:40","guid":{"rendered":"https:\/\/solidaridadnews.com\/?p=32039"},"modified":"2024-02-29T15:48:41","modified_gmt":"2024-02-29T15:48:41","slug":"reyes-de-suecia-visitaran-merida-y-ciudad-de-mexico-en-marzo","status":"publish","type":"post","link":"https:\/\/solidaridadnews.com\/?p=32039","title":{"rendered":"Reyes de Suecia visitar\u00e1n M\u00e9rida y Ciudad de M\u00e9xico en marzo"},"content":{"rendered":"<p>Con una agenda muy apretada, el rey Carlos XVI Gustavo de Suecia y la reina Silvia visitar\u00e1n M\u00e9xico del 12 al 14 de marzo, acompa\u00f1ados de una comitiva ministerial y empresarial.<\/p>\n<p>En entrevista con Pascal Beltr\u00e1n del R\u00edo para Imagen Multicast, el embajador de Suecia en nuestro pa\u00eds, Gunnar Ald\u00e9n, se\u00f1al\u00f3 que este tipo de visitas se realizan aproximadamente cada 20 a\u00f1os, \u201cy obviamente al nivel m\u00e1s alto en t\u00e9rminos de una visita entre Estados\u201d.<\/p>\n<p>El embajador de Suecia en M\u00e9xico se\u00f1al\u00f3 que los reyes \u201cconocen muy bien M\u00e9xico y ahora vienen con una comitiva oficial, una comitiva grande de empresarios y con el ministro de Relaciones Comerciales y Cooperaci\u00f3n Internacional del gobierno sueco\u201d.<\/p>\n<p>Indic\u00f3 que el programa de los reyes est\u00e1 consta de \u201ctres d\u00edas para hacer cosas aqu\u00ed en la Ciudad de M\u00e9xico y luego en M\u00e9rida, Yucat\u00e1n\u201d. Mencion\u00f3 que en la capital del pa\u00eds ser\u00e1n recibidos en Palacio Nacional por el presidente Andr\u00e9s Manuel L\u00f3pez Obrador y luego realizar\u00e1n un balance sobre aspectos comerciales, culturales e hist\u00f3ricos de M\u00e9xico.<\/p>\n<p>Asimismo, como parte de su agenda los reyes tambi\u00e9n visitar\u00e1n la UNAM (no se ha especificado qu\u00e9 parte de ella), Bellas Artes y el Tren Maya.<\/p>\n<p>El embajador sueco coment\u00f3 que las relaciones entre M\u00e9xico y su pa\u00eds son excelentes, \u201cy esta visita es para celebrar estas relaciones, pero estamos buscando fortalecerlas m\u00e1s, porque se puede hacer m\u00e1s en t\u00e9rminos comerciales, pero tambi\u00e9n desde el punto de vista pol\u00edtico y cultural, por eso esta visita es tan importante\u201d, asegur\u00f3.<\/p>\n<p>Indic\u00f3 que la comitiva de empresarios que acompa\u00f1ar\u00e1 a los reyes de Suecia representar\u00e1 a unas 35 empresas suecas, m\u00e1s las que hay ya en M\u00e9xico desde hace mucho tiempo.<\/p>\n<p>En cuanto al tema de nearshoring, mencion\u00f3 que las empresas que vendr\u00e1n, tienen un gran inter\u00e9s en invertir en M\u00e9xico debido a su ubicaci\u00f3n geoestrat\u00e9gica, pero tambi\u00e9n coment\u00f3 que hay un gran inter\u00e9s de las empresas que ya est\u00e1n en el pa\u00eds por seguir reinvirtiendo aqu\u00ed.<\/p>\n<p>Detall\u00f3 adem\u00e1s que los principales sectores de inversi\u00f3n ser\u00edan en materia de sustentabilidad, ya que \u201cSuecia est\u00e1 a la vanguardia en t\u00e9rminos de sustentabilidad y tecnolog\u00eda\u201d, entre otros como la digitalizaci\u00f3n.<\/p>\n","protected":false},"excerpt":{"rendered":"<p>Con una agenda muy apretada, el rey Carlos XVI Gustavo de Suecia y la reina Silvia visitar\u00e1n M\u00e9xico del 12 al 14 de marzo, acompa\u00f1ados de una comitiva ministerial y empresarial. En entrevista con Pascal Beltr\u00e1n del R\u00edo para Imagen Multicast, el embajador de Suecia en nuestro pa\u00eds, Gunnar Ald\u00e9n, se\u00f1al\u00f3 que este tipo de [&hellip;]<\/p>\n","protected":false},"author":1,"featured_media":32041,"comment_status":"open","ping_status":"closed","sticky":false,"template":"","format":"standard","meta":{"footnotes":""},"categories":[9],"tags":[],"class_list":["post-32039","post","type-post","status-publish","format-standard","has-post-thumbnail","hentry","category-internacional"],"_links":{"self":[{"href":"https:\/\/solidaridadnews.com\/index.php?rest_route=\/wp\/v2\/posts\/32039","targetHints":{"allow":["GET"]}}],"collection":[{"href":"https:\/\/solidaridadnews.com\/index.php?rest_route=\/wp\/v2\/posts"}],"about":[{"href":"https:\/\/solidaridadnews.com\/index.php?rest_route=\/wp\/v2\/types\/post"}],"author":[{"embeddable":true,"href":"https:\/\/solidaridadnews.com\/index.php?rest_route=\/wp\/v2\/users\/1"}],"replies":[{"embeddable":true,"href":"https:\/\/solidaridadnews.com\/index.php?rest_route=%2Fwp%2Fv2%2Fcomments&post=32039"}],"version-history":[{"count":1,"href":"https:\/\/solidaridadnews.com\/index.php?rest_route=\/wp\/v2\/posts\/32039\/revisions"}],"predecessor-version":[{"id":32040,"href":"https:\/\/solidaridadnews.com\/index.php?rest_route=\/wp\/v2\/posts\/32039\/revisions\/32040"}],"wp:featuredmedia":[{"embeddable":true,"href":"https:\/\/solidaridadnews.com\/index.php?rest_route=\/wp\/v2\/media\/32041"}],"wp:attachment":[{"href":"https:\/\/solidaridadnews.com\/index.php?rest_route=%2Fwp%2Fv2%2Fmedia&parent=32039"}],"wp:term":[{"taxonomy":"category","embeddable":true,"href":"https:\/\/solidaridadnews.com\/index.php?rest_route=%2Fwp%2Fv2%2Fcategories&post=32039"},{"taxonomy":"post_tag","embeddable":true,"href":"https:\/\/solidaridadnews.com\/index.php?rest_route=%2Fwp%2Fv2%2Ftags&post=32039"}],"curies":[{"name":"wp","href":"https:\/\/api.w.org\/{rel}","templated":true}]}}