{"id":32036,"date":"2024-02-29T10:20:25","date_gmt":"2024-02-29T15:20:25","guid":{"rendered":"https:\/\/solidaridadnews.com\/?p=32036"},"modified":"2024-02-29T15:20:26","modified_gmt":"2024-02-29T15:20:26","slug":"demandan-a-wilfrido-vargas-por-la-autoria-de-el-baile-del-perrito","status":"publish","type":"post","link":"https:\/\/solidaridadnews.com\/?p=32036","title":{"rendered":"Demandan a Wilfrido Vargas por la autor\u00eda de \u00abEl baile del perrito\u00bb"},"content":{"rendered":"<h4>El compositor del tema decidi\u00f3 tomar acciones legales contra el merenguero por \u00abpromesas incumplidas\u00bb<\/h4>\n<p>El merenguero Wilfrido Vargas fue demandado por el compositor, arreglista y productor dominicano Juan Valdez Ybet por la autor\u00eda del \u00e9xito de 1989, \u201cEl baile del perrito\u201d.<\/p>\n<p>Se ten\u00eda prevista una primera audiencia para el mi\u00e9rcoles, pero fue aplazada para el 22 de mayo.<\/p>\n<p>Valdez decidi\u00f3 reclamar por la v\u00eda judicial los beneficios y derechos sobre el tema lanzado en 1989, a sugerencia de una asociaci\u00f3n de compositores. Dijo que opt\u00f3 por ir a juicio ante promesas incumplidas de Vargas.<\/p>\n<p>\u201cYo no empec\u00e9 este reclamo porque lo decid\u00ed as\u00ed, a m\u00ed me hicieron ver que lo ten\u00eda que hacer, por la dignidad del compositor, por eso tengo el apoyo, yo no estoy solo, tengo el apoyo de los compositores\u201d, dijo Valdez a The Associated Press<\/p>\n<p>Explic\u00f3 que s\u00f3lo reclama el lado B de la canci\u00f3n, aunque compositores y analistas coinciden en que el tema es propiedad de Valdez en su totalidad.<\/p>\n<p>\u201cPero yo no reclamo eso, yo reclamo la B de la canci\u00f3n\u201d, dijo. \u201cEl mismo Wilfrido en su libro reconoce que yo soy de los compositores de \u2018El baile del perrito\u2019, \u00e9l tiene un libro y en la p\u00e1gina 300 y algo, \u00e9l lo reconoce\u201d.<\/p>\n<p>El equipo de Vargas rechaz\u00f3 hacer declaraciones de momento.<\/p>\n<p>\u201cWilfrido no tiene ninguna opini\u00f3n al respecto. Ese caso est\u00e1 en los tribunales de la Rep\u00fablica. Agradecemos su inter\u00e9s\u201d, dijo el manejador del artista dominicano a The Associated Press.<\/p>\n<p>\u201cEl baile del perrito\u201d, es una de las canciones m\u00e1s emblem\u00e1ticas de la carrera de Vargas y contribuy\u00f3 a su posicionamiento internacional a principios de la d\u00e9cada de 1990.<\/p>\n<p>\u201cRespeto mucho a Wilfrido, lo que pasa es que ellos me prometieron algo hace unos a\u00f1os, \u00e9l y el m\u00e1nager, despu\u00e9s no me cumplieron\u201d, se\u00f1al\u00f3 Valdez, quien agreg\u00f3 que no busca perjudicar a Vargas.<\/p>\n","protected":false},"excerpt":{"rendered":"<p>El compositor del tema decidi\u00f3 tomar acciones legales contra el merenguero por \u00abpromesas incumplidas\u00bb El merenguero Wilfrido Vargas fue demandado por el compositor, arreglista y productor dominicano Juan Valdez Ybet por la autor\u00eda del \u00e9xito de 1989, \u201cEl baile del perrito\u201d. Se ten\u00eda prevista una primera audiencia para el mi\u00e9rcoles, pero fue aplazada para el [&hellip;]<\/p>\n","protected":false},"author":1,"featured_media":32038,"comment_status":"open","ping_status":"closed","sticky":false,"template":"","format":"standard","meta":{"footnotes":""},"categories":[3],"tags":[],"class_list":["post-32036","post","type-post","status-publish","format-standard","has-post-thumbnail","hentry","category-espectaculos"],"_links":{"self":[{"href":"https:\/\/solidaridadnews.com\/index.php?rest_route=\/wp\/v2\/posts\/32036","targetHints":{"allow":["GET"]}}],"collection":[{"href":"https:\/\/solidaridadnews.com\/index.php?rest_route=\/wp\/v2\/posts"}],"about":[{"href":"https:\/\/solidaridadnews.com\/index.php?rest_route=\/wp\/v2\/types\/post"}],"author":[{"embeddable":true,"href":"https:\/\/solidaridadnews.com\/index.php?rest_route=\/wp\/v2\/users\/1"}],"replies":[{"embeddable":true,"href":"https:\/\/solidaridadnews.com\/index.php?rest_route=%2Fwp%2Fv2%2Fcomments&post=32036"}],"version-history":[{"count":1,"href":"https:\/\/solidaridadnews.com\/index.php?rest_route=\/wp\/v2\/posts\/32036\/revisions"}],"predecessor-version":[{"id":32037,"href":"https:\/\/solidaridadnews.com\/index.php?rest_route=\/wp\/v2\/posts\/32036\/revisions\/32037"}],"wp:featuredmedia":[{"embeddable":true,"href":"https:\/\/solidaridadnews.com\/index.php?rest_route=\/wp\/v2\/media\/32038"}],"wp:attachment":[{"href":"https:\/\/solidaridadnews.com\/index.php?rest_route=%2Fwp%2Fv2%2Fmedia&parent=32036"}],"wp:term":[{"taxonomy":"category","embeddable":true,"href":"https:\/\/solidaridadnews.com\/index.php?rest_route=%2Fwp%2Fv2%2Fcategories&post=32036"},{"taxonomy":"post_tag","embeddable":true,"href":"https:\/\/solidaridadnews.com\/index.php?rest_route=%2Fwp%2Fv2%2Ftags&post=32036"}],"curies":[{"name":"wp","href":"https:\/\/api.w.org\/{rel}","templated":true}]}}