{"id":32027,"date":"2024-02-28T12:04:50","date_gmt":"2024-02-28T17:04:50","guid":{"rendered":"https:\/\/solidaridadnews.com\/?p=32027"},"modified":"2024-02-28T17:04:52","modified_gmt":"2024-02-28T17:04:52","slug":"papa-francisco-acude-a-un-hospital-de-roma-para-pruebas-por-gripe","status":"publish","type":"post","link":"https:\/\/solidaridadnews.com\/?p=32027","title":{"rendered":"Papa Francisco acude a un hospital de Roma para pruebas por gripe"},"content":{"rendered":"<p>El papa Francisco acudi\u00f3 hoy al hospital Gemelli de la isla Tiberina, en el centro de Roma, para someterse \u201ca algunas pruebas diagn\u00f3sticas\u201c, despu\u00e9s de que este mi\u00e9rcoles explic\u00f3 que sigue algo resfriado y anteriormente se hab\u00eda comunicado que ten\u00eda gripe.<\/p>\n<p>Tras la audiencia general, el papa Francisco acudi\u00f3 al hospital Gemelli Isola Tiberina para someterse a algunas pruebas diagn\u00f3sticas. Despu\u00e9s regres\u00f3 al Vaticano\u201d, confirm\u00f3 el Vaticano.<\/p>\n<p>Francisco lleg\u00f3 al centro en el veh\u00edculo en el que normalmente viaja y regres\u00f3 al Vaticano menos de una hora despu\u00e9s.<\/p>\n<p>El pont\u00edfice ya hab\u00eda acudido en otra ocasi\u00f3n al hospital de la isla Tiberina, una sede del Policl\u00ednico Gemelli en el que se ingresa a los papas, para someterse a una tomograf\u00eda computarizada (TAC) cuando sufri\u00f3 una bronquitis.<\/p>\n<p>El papa celebr\u00f3 previamente la audiencia general ante miles de personas en el aula Pablo VI del Vaticano, pero afirm\u00f3 que segu\u00eda un poco resfriado y prefiri\u00f3 que la catequesis la leyese un colaborador.<\/p>\n<p>\u201cSigo un poco resfriado, por eso he pedido a monse\u00f1or (Filippo) Ciampanelli que lea la catequesis\u201d, dijo el papa, que lleg\u00f3 en silla de ruedas al aula Pablo VI, donde se celebra la audiencia.<\/p>\n<p>Tampoco ley\u00f3 el discurso en la audiencia a los obispos de la iglesia patriarcal de Cilicia de los Armenios, que recibi\u00f3 antes de la audiencia general.<\/p>\n<p>El pasado lunes, el Vaticano inform\u00f3 de que persist\u00edan \u201clos leves s\u00edntomas gripales, aunque sin fiebre\u201d, pero que por precauci\u00f3n se hab\u00edan suspendido las audiencias previstas.<\/p>\n<p>El pont\u00edfice si celebr\u00f3 el domingo el tradicional rezo dominical del \u00e1ngelus asomado a la ventana del palacio pontificio y ley\u00f3 con buena voz ante los miles de fieles reunidos en la plaza de San Pedro del Vaticano.<\/p>\n<p>A finales de noviembre, el papa Francisco sufri\u00f3 una bronquitis por la que tuvo que anular algunos de los actos y celebrar el \u00e1ngelus en privado y tambi\u00e9n ser sustituido por un colaborador para leer sus discursos.<\/p>\n<p>Para permitir su recuperaci\u00f3n, el pont\u00edfice argentino anul\u00f3 el viaje previsto a principios de diciembre a Dubai para participar en la cumbre del Clima.<\/p>\n<p>Pero despu\u00e9s se recuper\u00f3 totalmente e incluso el 8 de diciembre acudi\u00f3 a la plaza de Espa\u00f1a al tradicional homenaje a la Virgen de la Inmaculada.<\/p>\n","protected":false},"excerpt":{"rendered":"<p>El papa Francisco acudi\u00f3 hoy al hospital Gemelli de la isla Tiberina, en el centro de Roma, para someterse \u201ca algunas pruebas diagn\u00f3sticas\u201c, despu\u00e9s de que este mi\u00e9rcoles explic\u00f3 que sigue algo resfriado y anteriormente se hab\u00eda comunicado que ten\u00eda gripe. Tras la audiencia general, el papa Francisco acudi\u00f3 al hospital Gemelli Isola Tiberina para [&hellip;]<\/p>\n","protected":false},"author":1,"featured_media":32029,"comment_status":"open","ping_status":"closed","sticky":false,"template":"","format":"standard","meta":{"footnotes":""},"categories":[9],"tags":[],"class_list":["post-32027","post","type-post","status-publish","format-standard","has-post-thumbnail","hentry","category-internacional"],"_links":{"self":[{"href":"https:\/\/solidaridadnews.com\/index.php?rest_route=\/wp\/v2\/posts\/32027","targetHints":{"allow":["GET"]}}],"collection":[{"href":"https:\/\/solidaridadnews.com\/index.php?rest_route=\/wp\/v2\/posts"}],"about":[{"href":"https:\/\/solidaridadnews.com\/index.php?rest_route=\/wp\/v2\/types\/post"}],"author":[{"embeddable":true,"href":"https:\/\/solidaridadnews.com\/index.php?rest_route=\/wp\/v2\/users\/1"}],"replies":[{"embeddable":true,"href":"https:\/\/solidaridadnews.com\/index.php?rest_route=%2Fwp%2Fv2%2Fcomments&post=32027"}],"version-history":[{"count":1,"href":"https:\/\/solidaridadnews.com\/index.php?rest_route=\/wp\/v2\/posts\/32027\/revisions"}],"predecessor-version":[{"id":32028,"href":"https:\/\/solidaridadnews.com\/index.php?rest_route=\/wp\/v2\/posts\/32027\/revisions\/32028"}],"wp:featuredmedia":[{"embeddable":true,"href":"https:\/\/solidaridadnews.com\/index.php?rest_route=\/wp\/v2\/media\/32029"}],"wp:attachment":[{"href":"https:\/\/solidaridadnews.com\/index.php?rest_route=%2Fwp%2Fv2%2Fmedia&parent=32027"}],"wp:term":[{"taxonomy":"category","embeddable":true,"href":"https:\/\/solidaridadnews.com\/index.php?rest_route=%2Fwp%2Fv2%2Fcategories&post=32027"},{"taxonomy":"post_tag","embeddable":true,"href":"https:\/\/solidaridadnews.com\/index.php?rest_route=%2Fwp%2Fv2%2Ftags&post=32027"}],"curies":[{"name":"wp","href":"https:\/\/api.w.org\/{rel}","templated":true}]}}