{"id":32024,"date":"2024-02-28T11:22:56","date_gmt":"2024-02-28T16:22:56","guid":{"rendered":"https:\/\/solidaridadnews.com\/?p=32024"},"modified":"2024-02-28T16:22:57","modified_gmt":"2024-02-28T16:22:57","slug":"personajes-de-la-secuela-de-betty-la-fea-debutan-en-la-semana-de-la-moda-de-paris","status":"publish","type":"post","link":"https:\/\/solidaridadnews.com\/?p=32024","title":{"rendered":"Personajes de la secuela de \u2018Betty la fea\u2019 debutan en la semana de la moda de Par\u00eds"},"content":{"rendered":"<p>Los personajes de Hugo Lombardi, Patricia Fern\u00e1ndez y Marcela Valencia, el entra\u00f1able tr\u00edo antag\u00f3nico de la telenovela \u2018Yo soy Betty, la fea\u2019, debutaron en la semana de la moda de Par\u00eds con una colecci\u00f3n inspirada en las artesan\u00edas del municipio colombiano de R\u00e1quira, como parte del arranque promocional de la nueva secuela de la historia.<\/p>\n<p>\u201cLleg\u00f3 la magia, lleg\u00f3 la vida, lleg\u00f3 la luz a la ciudad de Par\u00eds, o sea mi luz\u201d, dijo el actor colombiano Juli\u00e1n Arango quien, caracterizado como el ic\u00f3nico dise\u00f1ador Lombardi de la serie, salud\u00f3 a los invitados del desfile de moda de la empresa ficticia Ecomoda, organizado por la plataforma Prime Video.<\/p>\n<p>Se trat\u00f3 de un evento paralelo a la semana de la moda, que se lleva a cabo en la capital francesa hasta el 5 de marzo, en el que en realidad fueron exhibidas las creaciones del dise\u00f1ador colombiano Andr\u00e9s Ot\u00e1lora, que prest\u00f3 sus piezas para el evento promocional.<\/p>\n<p>\u201cEspero que una caricia haya pasado por sus sentidos\u201d \ud83d\udc99\ud83c\uddeb\ud83c\uddf7\u2764\ufe0f<br \/>\nMarce, Patricia y Hugo en el desfile de hoy #EcomodaPFW<br \/>\nV\u00eda TikTok de Javi Ponzo<br \/>\nPublicado por Betty Edits en Martes, 27 de febrero de 2024<\/p>\n<p>Organzas, plumas, sat\u00e9n, crep\u00e9, y estilizadas siluetas asim\u00e9tricas de colores rojos, blancos, verdes, caf\u00e9s y negro, desfilaron en el hist\u00f3rico hotel Shangri-La Paris, que en el pasado fungi\u00f3 como el hogar del pr\u00edncipe Ronald Bonaparte -sobrino de Napole\u00f3n Bonaparte-, como parte de la \u00faltima colecci\u00f3n del dise\u00f1ador de la empresa ficticia Ecomoda.<\/p>\n<p>Seg\u00fan los ejecutivos de Prime Video, el encuentro fue la acci\u00f3n promocional \u201cm\u00e1s grande que se ha hecho para una producci\u00f3n Latinoamericana\u201d de la plataforma.<\/p>\n<p>La nueva serie retoma, veinte a\u00f1os despu\u00e9s, la popular historia de amor de Betty, una secretaria poco agraciada, y Don Armando, un empresario exitoso, del fallecido guionista y productor colombiano Fernando Gait\u00e1n (1960-2019).<\/p>\n<p>\u201cSi creen que lo que vieron fue algo \u2018bombi\u2018 y de \u2018ututuy\u2018 (palabras que utiliza Lombardi para referirse a las cosas que le parecen espectaculares) pues prep\u00e1rense porque este tan solo es el \u2018abrebocas\u2019 de lo que trae Prime Video\u201d, coment\u00f3 el actor al terminar el desfile.<\/p>\n<p>Arango comparti\u00f3 protagonismo en la pasarela con las actrices Lorna Cepeda, quien daba vida a \u2018la pelite\u00f1ida\u2019 Patricia en la ficci\u00f3n, y Natalia Ram\u00edrez, quien interpretaba en la telenovela a Marcela, la celos\u00edsima novia de Don Armando (Jorge Enrique Abello).<\/p>\n<p>\u201cHan pasado 20 a\u00f1os y todos siguen trabajando en Ecomoda y est\u00e1n en los mismos puestos de trabajo\u201d, dijo burlonamente Arango como un adelanto de la serie que contin\u00faa sin fecha aproximada de estreno.<\/p>\n<p>Para Ot\u00e1lora prestar sus dise\u00f1os para que Lombardi se presentara como creador fue cosa sencilla, pues confes\u00f3 que desde ni\u00f1o era un gran seguidor de la serie, y que incluso el personaje de Arango fue una de sus inspiraciones en su carrera.<\/p>\n<p>\u201cSiempre quise ser dise\u00f1ador, desde el colegio, y obviamente no pensaba que iba a llegar a donde estoy ahorita, pero so\u00f1aba con ser un creativo como era un Hugo Lombardi\u201d, record\u00f3 en entrevista.<\/p>\n<p>El modisto presentar\u00e1 ma\u00f1ana en solitario su colecci\u00f3n entera en un \u2018showroom\u2018 (sal\u00f3n de exposici\u00f3n) que se llevar\u00e1 a cabo en el marco de la semana de la moda de Par\u00eds y orgulloso cuenta que desde su punto de vista la moda en Colombia se encuentra \u201cen su mejor momento\u201d.<\/p>\n<p>Hasta ahora Prime Video no ha revelado muchos detalles de la trama de la esperada secuela titulada \u2018Betty la fea\u2019, pero se sabe que retomar\u00e1 la historia del matrimonio de Betty y Don Armando, la relaci\u00f3n con su hija en com\u00fan y el resto de los entra\u00f1ables personajes que trabajan en Ecomoda.<\/p>\n<p>&nbsp;<\/p>\n","protected":false},"excerpt":{"rendered":"<p>Los personajes de Hugo Lombardi, Patricia Fern\u00e1ndez y Marcela Valencia, el entra\u00f1able tr\u00edo antag\u00f3nico de la telenovela \u2018Yo soy Betty, la fea\u2019, debutaron en la semana de la moda de Par\u00eds con una colecci\u00f3n inspirada en las artesan\u00edas del municipio colombiano de R\u00e1quira, como parte del arranque promocional de la nueva secuela de la historia. [&hellip;]<\/p>\n","protected":false},"author":1,"featured_media":32026,"comment_status":"open","ping_status":"closed","sticky":false,"template":"","format":"standard","meta":{"footnotes":""},"categories":[3],"tags":[],"class_list":["post-32024","post","type-post","status-publish","format-standard","has-post-thumbnail","hentry","category-espectaculos"],"_links":{"self":[{"href":"https:\/\/solidaridadnews.com\/index.php?rest_route=\/wp\/v2\/posts\/32024","targetHints":{"allow":["GET"]}}],"collection":[{"href":"https:\/\/solidaridadnews.com\/index.php?rest_route=\/wp\/v2\/posts"}],"about":[{"href":"https:\/\/solidaridadnews.com\/index.php?rest_route=\/wp\/v2\/types\/post"}],"author":[{"embeddable":true,"href":"https:\/\/solidaridadnews.com\/index.php?rest_route=\/wp\/v2\/users\/1"}],"replies":[{"embeddable":true,"href":"https:\/\/solidaridadnews.com\/index.php?rest_route=%2Fwp%2Fv2%2Fcomments&post=32024"}],"version-history":[{"count":1,"href":"https:\/\/solidaridadnews.com\/index.php?rest_route=\/wp\/v2\/posts\/32024\/revisions"}],"predecessor-version":[{"id":32025,"href":"https:\/\/solidaridadnews.com\/index.php?rest_route=\/wp\/v2\/posts\/32024\/revisions\/32025"}],"wp:featuredmedia":[{"embeddable":true,"href":"https:\/\/solidaridadnews.com\/index.php?rest_route=\/wp\/v2\/media\/32026"}],"wp:attachment":[{"href":"https:\/\/solidaridadnews.com\/index.php?rest_route=%2Fwp%2Fv2%2Fmedia&parent=32024"}],"wp:term":[{"taxonomy":"category","embeddable":true,"href":"https:\/\/solidaridadnews.com\/index.php?rest_route=%2Fwp%2Fv2%2Fcategories&post=32024"},{"taxonomy":"post_tag","embeddable":true,"href":"https:\/\/solidaridadnews.com\/index.php?rest_route=%2Fwp%2Fv2%2Ftags&post=32024"}],"curies":[{"name":"wp","href":"https:\/\/api.w.org\/{rel}","templated":true}]}}