{"id":32012,"date":"2024-02-27T11:45:51","date_gmt":"2024-02-27T16:45:51","guid":{"rendered":"https:\/\/solidaridadnews.com\/?p=32012"},"modified":"2024-02-27T16:45:53","modified_gmt":"2024-02-27T16:45:53","slug":"superar-2-oc-de-calentamiento-global-causaria-un-deshielo-importante-en-el-hielo-antartico","status":"publish","type":"post","link":"https:\/\/solidaridadnews.com\/?p=32012","title":{"rendered":"Superar 2 \u00baC de calentamiento global causar\u00eda un deshielo importante en el hielo ant\u00e1rtico"},"content":{"rendered":"<p>La plataforma de hielo Filchner-Ronne, la segunda m\u00e1s grande de la Tierra, es un inmenso bloque de hielo que se extiende por el sur del mar de Weddell, en la Ant\u00e1rtida, y que, aunque cada a\u00f1o se derrite a mayor velocidad, a\u00fan est\u00e1 \u201crelativamente estable\u201d.<\/p>\n<p>Pero si el calentamiento global supera los 2 \u00baC en comparaci\u00f3n con el periodo preindustrial, las aguas profundas de la Fosa Filchner, bajo el hielo, se calentar\u00edan, lo que acelerar\u00eda el deshielo de la plataforma y provocar\u00eda \u201cuna subida sustancial del nivel global del mar\u201d.<\/p>\n<p>As\u00ed lo advierte un art\u00edculo publicado este martes en la revista Communications Earth &amp; Environment, realizado por cient\u00edficos del Instituto Alfred Wegener de Investigaci\u00f3n Polar y Marina de Alemania.<\/p>\n<p>Para llegar a esta conclusi\u00f3n, los investigadores han modelado los efectos que tendr\u00edan sobre la temperatura del agua en el mar de Weddell algunos de los escenarios de emisiones planteados por el IPCC (el panel mundial de expertos sobre el cambio clim\u00e1tico) para el mundo entre 2050 y 2100.<\/p>\n<p>Los autores recuerdan que a\u00fan puede evitarse un calentamiento significativo del agua del mar de Weddell si se cumple el objetivo de 2 \u00b0C de temperatura del Acuerdo de Par\u00eds pero, si se superase este l\u00edmite -advierten-, esto causar\u00eda \u201cel calentamiento significativo y el consiguiente deshielo de la plataforma de hielo Filchner-Ronne\u201d, que todav\u00eda est\u00e1 \u201crelativamente estable\u201d.<\/p>\n<p>Un bloque de hielo del tama\u00f1o de Espa\u00f1a<br \/>\nLa plataforma de hielo Filchner Ronne, con aproximadamente 430 mil km2 (casi el tama\u00f1o de Espa\u00f1a), cubre la parte meridional del mar de Weddell.<\/p>\n<p>Por debajo, en la parte oriental de la plataforma, se encuentra la Fosa Filchner, una zona de aguas m\u00e1s profundas (de hasta mil 600 metros de profundidad en algunos puntos).<\/p>\n<p>En esta fosa, la temperatura del agua est\u00e1 regulada por la corriente costera ant\u00e1rtica, que hace que una cantidad variable estacional de agua profunda caliente fluya hacia la fosa.<\/p>\n<p>Los periodos de tiempo en los que entra un mayor volumen de agua en esta fosa se conocen como \u2018pulsos\u2019 y se han relacionado con el aumento de la fusi\u00f3n de la base de la plataforma de hielo superior, aunque no est\u00e1 claro exactamente cu\u00e1ndo y con qu\u00e9 frecuencia se producen.<\/p>\n<p>El equipo modeliz\u00f3 c\u00f3mo cambiaba la cantidad de agua c\u00e1lida profunda que entraba en la Fosa Filchner entre 2015 y 2100, en cuatro escenarios clim\u00e1ticos diferentes anticipados por el IPCC.<\/p>\n<p>En el mejor escenario (SSP1, que cumple el umbral del acuerdo clim\u00e1tico de Par\u00eds de no rebasar los 2 \u00b0C de calentamiento global), la frecuencia de los pulsos aument\u00f3, y la temperatura media en la depresi\u00f3n subi\u00f3 0,5 \u00b0C por encima de la media de 1850-2014 para 2100.<\/p>\n<p>Pero, entre cada pulso, la temperatura en la depresi\u00f3n volvi\u00f3 a acercarse a la media de 1850-2014, lo que limit\u00f3 la fusi\u00f3n de la plataforma de hielo.<\/p>\n<p>En los dem\u00e1s escenarios, en los que el aumento de la temperatura media global era mayor, los pulsos aumentaban en frecuencia hasta que la depresi\u00f3n se llenaba de aguas profundas c\u00e1lidas durante todo el a\u00f1o.<\/p>\n<p>El estudio concluye que se produjera este aumento de la temperatura del agua en la fosa, \u201cse producir\u00eda un fuerte incremento de la tasa de fusi\u00f3n de la base de la plataforma de hielo Filchner Ronne\u201d, lo que supondr\u00eda \u201cuna contribuci\u00f3n significativamente mayor a la subida global del nivel del mar\u201d.<\/p>\n","protected":false},"excerpt":{"rendered":"<p>La plataforma de hielo Filchner-Ronne, la segunda m\u00e1s grande de la Tierra, es un inmenso bloque de hielo que se extiende por el sur del mar de Weddell, en la Ant\u00e1rtida, y que, aunque cada a\u00f1o se derrite a mayor velocidad, a\u00fan est\u00e1 \u201crelativamente estable\u201d. Pero si el calentamiento global supera los 2 \u00baC en [&hellip;]<\/p>\n","protected":false},"author":1,"featured_media":32014,"comment_status":"open","ping_status":"closed","sticky":false,"template":"","format":"standard","meta":{"footnotes":""},"categories":[9],"tags":[],"class_list":["post-32012","post","type-post","status-publish","format-standard","has-post-thumbnail","hentry","category-internacional"],"_links":{"self":[{"href":"https:\/\/solidaridadnews.com\/index.php?rest_route=\/wp\/v2\/posts\/32012","targetHints":{"allow":["GET"]}}],"collection":[{"href":"https:\/\/solidaridadnews.com\/index.php?rest_route=\/wp\/v2\/posts"}],"about":[{"href":"https:\/\/solidaridadnews.com\/index.php?rest_route=\/wp\/v2\/types\/post"}],"author":[{"embeddable":true,"href":"https:\/\/solidaridadnews.com\/index.php?rest_route=\/wp\/v2\/users\/1"}],"replies":[{"embeddable":true,"href":"https:\/\/solidaridadnews.com\/index.php?rest_route=%2Fwp%2Fv2%2Fcomments&post=32012"}],"version-history":[{"count":1,"href":"https:\/\/solidaridadnews.com\/index.php?rest_route=\/wp\/v2\/posts\/32012\/revisions"}],"predecessor-version":[{"id":32013,"href":"https:\/\/solidaridadnews.com\/index.php?rest_route=\/wp\/v2\/posts\/32012\/revisions\/32013"}],"wp:featuredmedia":[{"embeddable":true,"href":"https:\/\/solidaridadnews.com\/index.php?rest_route=\/wp\/v2\/media\/32014"}],"wp:attachment":[{"href":"https:\/\/solidaridadnews.com\/index.php?rest_route=%2Fwp%2Fv2%2Fmedia&parent=32012"}],"wp:term":[{"taxonomy":"category","embeddable":true,"href":"https:\/\/solidaridadnews.com\/index.php?rest_route=%2Fwp%2Fv2%2Fcategories&post=32012"},{"taxonomy":"post_tag","embeddable":true,"href":"https:\/\/solidaridadnews.com\/index.php?rest_route=%2Fwp%2Fv2%2Ftags&post=32012"}],"curies":[{"name":"wp","href":"https:\/\/api.w.org\/{rel}","templated":true}]}}