{"id":31997,"date":"2024-02-26T12:27:48","date_gmt":"2024-02-26T17:27:48","guid":{"rendered":"https:\/\/solidaridadnews.com\/?p=31997"},"modified":"2024-02-26T17:27:51","modified_gmt":"2024-02-26T17:27:51","slug":"amazon-web-services-invertira-5000-millones-de-dolares-en-mexico-para-region-de-infraestructura","status":"publish","type":"post","link":"https:\/\/solidaridadnews.com\/?p=31997","title":{"rendered":"Amazon Web Services invertir\u00e1 5,000 millones de d\u00f3lares en M\u00e9xico para regi\u00f3n de infraestructura"},"content":{"rendered":"<p>La divisi\u00f3n de c\u00f3mputo en la nube de Amazon, AWS, anunci\u00f3 la construcci\u00f3n de una regi\u00f3n de infraestructura en M\u00e9xico, con una inversi\u00f3n que asciende a m\u00e1s 5,000 millones de d\u00f3lares, que se desplegar\u00e1n en los pr\u00f3ximos 15 a\u00f1os.<\/p>\n<p>La regi\u00f3n de infraestructura de Amazon Web Services estar\u00e1 ubicada en el estado de Quer\u00e9taro y estar\u00e1 compuesta por tres zonas de disponibilidad en el momento de su lanzamiento, las cuales se sumar\u00e1n a las 105 zonas que tiene AWS a nivel global.<\/p>\n<p>\u201cHoy estamos anunciando la construcci\u00f3n de nuestra primer regi\u00f3n de infraestructura en M\u00e9xico, una inversi\u00f3n de m\u00e1s de 5,000 millones de d\u00f3lares\u201d, dijo Rub\u00e9n Mug\u00e1rtegui, director general de AWS M\u00e9xico, durante el anuncio. La regi\u00f3n ser\u00e1 inaugurada a inicios de 2025.<\/p>\n<p>Gobiernos federal y estatal<br \/>\nEl coordinador de la estrategia digital del gobierno federal, Emiliano Calder\u00f3n, dijo que la instalaci\u00f3n de la regi\u00f3n de infraestructura de AWS en M\u00e9xico parte de conversaciones entre el gobierno federal y la compa\u00f1\u00eda estadounidense desde hace tres a\u00f1os.<\/p>\n<p>Al respecto, Raquel Buenrostro, secretaria de Econom\u00eda, dijo que la instalaci\u00f3n de esta nueva regi\u00f3n de infraestructura en M\u00e9xico refleja la coordinaci\u00f3n entre el sector p\u00fablico y privado en el pa\u00eds.<\/p>\n<p>Celebramos que AWS siga creciendo en M\u00e9xico porque demuestra la confianza que hay en el pa\u00eds\u201d, dijo Buenrostro.<\/p>\n<p>Por su parte, el gobernador del estado de Quer\u00e9taro, Mauricio Kuri, dijo que la llegada de la regi\u00f3n de AWS se trata de una inversi\u00f3n hist\u00f3rica para Quer\u00e9taro, para lo cual se est\u00e1n llevando a cabo grandes proyectos de abastecimiento de agua y energ\u00eda en el estado.<\/p>\n<p>\u00bfQu\u00e9 es una regi\u00f3n de infraestructura?<br \/>\nUna regi\u00f3n de infraestructura de AWS es una ubicaci\u00f3n que concentra las zonas de disponibilidad, es decir, conjuntos de uno a tres centros de datos.<\/p>\n<p>A nivel global, AWS cuenta con 33 regiones de infraestructura con 105 zonas de disponibilidad en total. En el caso de M\u00e9xico, las nuevas instalaciones de la compa\u00f1\u00eda contar\u00e1 con tres zonas de disponibilidad, las cuales tendr\u00e1n de uno a tres centros de datos.<\/p>\n<p>Con clientes como Kavak y Kueski, adem\u00e1s de 20 de 32 estados de la Rep\u00fablica, Amazon es el tercer proveedor de c\u00f3mputo en la nube considerado como hiperescalador en instalarse en M\u00e9xico. En 2020, Microsoft anunci\u00f3 la instalaci\u00f3n de una regi\u00f3n de centros de datos, algo que Google tambi\u00e9n hizo en 2023.<\/p>\n<p>De acuerdo con la consultor\u00eda Select, el gasto en infraestructura y plataformas como servicio (IaaS y PaaS), es decir, c\u00f3mputo en la nube en 2024 ascender\u00e1 a 1.2 billones de d\u00f3lares.<\/p>\n","protected":false},"excerpt":{"rendered":"<p>La divisi\u00f3n de c\u00f3mputo en la nube de Amazon, AWS, anunci\u00f3 la construcci\u00f3n de una regi\u00f3n de infraestructura en M\u00e9xico, con una inversi\u00f3n que asciende a m\u00e1s 5,000 millones de d\u00f3lares, que se desplegar\u00e1n en los pr\u00f3ximos 15 a\u00f1os. La regi\u00f3n de infraestructura de Amazon Web Services estar\u00e1 ubicada en el estado de Quer\u00e9taro y [&hellip;]<\/p>\n","protected":false},"author":1,"featured_media":31999,"comment_status":"open","ping_status":"closed","sticky":false,"template":"","format":"standard","meta":{"footnotes":""},"categories":[9],"tags":[],"class_list":["post-31997","post","type-post","status-publish","format-standard","has-post-thumbnail","hentry","category-internacional"],"_links":{"self":[{"href":"https:\/\/solidaridadnews.com\/index.php?rest_route=\/wp\/v2\/posts\/31997","targetHints":{"allow":["GET"]}}],"collection":[{"href":"https:\/\/solidaridadnews.com\/index.php?rest_route=\/wp\/v2\/posts"}],"about":[{"href":"https:\/\/solidaridadnews.com\/index.php?rest_route=\/wp\/v2\/types\/post"}],"author":[{"embeddable":true,"href":"https:\/\/solidaridadnews.com\/index.php?rest_route=\/wp\/v2\/users\/1"}],"replies":[{"embeddable":true,"href":"https:\/\/solidaridadnews.com\/index.php?rest_route=%2Fwp%2Fv2%2Fcomments&post=31997"}],"version-history":[{"count":1,"href":"https:\/\/solidaridadnews.com\/index.php?rest_route=\/wp\/v2\/posts\/31997\/revisions"}],"predecessor-version":[{"id":31998,"href":"https:\/\/solidaridadnews.com\/index.php?rest_route=\/wp\/v2\/posts\/31997\/revisions\/31998"}],"wp:featuredmedia":[{"embeddable":true,"href":"https:\/\/solidaridadnews.com\/index.php?rest_route=\/wp\/v2\/media\/31999"}],"wp:attachment":[{"href":"https:\/\/solidaridadnews.com\/index.php?rest_route=%2Fwp%2Fv2%2Fmedia&parent=31997"}],"wp:term":[{"taxonomy":"category","embeddable":true,"href":"https:\/\/solidaridadnews.com\/index.php?rest_route=%2Fwp%2Fv2%2Fcategories&post=31997"},{"taxonomy":"post_tag","embeddable":true,"href":"https:\/\/solidaridadnews.com\/index.php?rest_route=%2Fwp%2Fv2%2Ftags&post=31997"}],"curies":[{"name":"wp","href":"https:\/\/api.w.org\/{rel}","templated":true}]}}