{"id":31994,"date":"2024-02-26T11:17:59","date_gmt":"2024-02-26T16:17:59","guid":{"rendered":"https:\/\/solidaridadnews.com\/?p=31994"},"modified":"2024-02-26T16:18:01","modified_gmt":"2024-02-26T16:18:01","slug":"piden-disculpas-publicas-a-rbd-tras-desaire-en-la-entrega-de-premio-lo-nuestro","status":"publish","type":"post","link":"https:\/\/solidaridadnews.com\/?p=31994","title":{"rendered":"Piden disculpas p\u00fablicas a RBD tras desaire en la entrega de Premio Lo Nuestro"},"content":{"rendered":"<p>RBD se coron\u00f3 como la mejor agrupaci\u00f3n pop del a\u00f1o en la \u00faltima ceremonia de Premio Lo Nuestro, que se llev\u00f3 a cabo el pasado jueves 22 de febrero. Sin embargo, la banda no pudo recoger su estatuilla, debido a que a Christian Ch\u00e1vez y Christopher Uckermann, quienes iban en representaci\u00f3n de todos sus compa\u00f1eros, les fue negado el acceso a la gala.<\/p>\n<p>El suceso fue dado a conocer por los propios cantantes, a trav\u00e9s de un video en el que no solo ventilaron la mala organizaci\u00f3n del evento; tambi\u00e9n se dijeron dolidos del trato que recibieron: \u00abQueremos decirle a los seguidores, a nivel mundial, que nos duele mucho haber venido hasta Miami y al parecer Premio Lo Nuestro no ten\u00eda nuestros lugares. Nos duele en nombre de RBD, pero nosotros somos m\u00e1s grandes que esto\u00bb, dijo Uckermann en la grabaci\u00f3n.<\/p>\n<p>Cabe destacar que los famosos volaron hasta Miami, recorrieron la alfombra magenta y una vez que quisieron tomar sus lugares en la celebraci\u00f3n, les fue negado el acceso ya que contaban con los boletos incorrectos, adem\u00e1s de que ya no hab\u00eda asientos en ninguna de las mesas.<\/p>\n<p>Esta bochornosa situaci\u00f3n lleg\u00f3 hasta o\u00eddos de los organizadores y, ni tarda ni perezosos, ofrecieron disculpas p\u00fablicas a la agrupaci\u00f3n .<\/p>\n<p>Fue en la m\u00e1s reciente emisi\u00f3n del programa \u00abEl Gordo y La Flaca\u00bb donde se habl\u00f3 de incidente, al que calificaron como \u00abuna metida de pata\u00bb : \u201cLamentamos much\u00edsimo la situaci\u00f3n que vivieron. Yo, personalmente, les pido una disculpa por esta confusi\u00f3n. Es muy importante para nuestra cadena (Univisi\u00f3n) tratar a nuestros invitados con respeto y hacerlos sentir en casa. Yo espero que esto no pase m\u00e1s. Qu\u00e9 metida de pata\u201d, dijo la conductora , Lili Estefan.<\/p>\n<p>Por su parte, Ra\u00fal de Molina asegur\u00f3 que ya se toman las medidas necesarias para que nadie tenga que volver a pasar por esta penosa experiencia, aunque no revel\u00f3 qu\u00e9 fue lo qu\u00e9 pas\u00f3 con los boletos de los \u00abrebeldes\u00bb: \u201cEstamos tomando las medidas necesarias para que esto no vuelva a suceder\u201d, agreg\u00f3 De Molina.<\/p>\n<p>Adem\u00e1s de los artistas, quienes m\u00e1s mostraron su enojo por lo sucedido fueron los fans, y mediante varios comentarios en las redes sociales desaprobaron la falta de respeto a sus \u00eddolos; incluso, llamaron \u00abpoco profesional\u00bb a los organizadores.<\/p>\n<p>Ahora, en estas mismas plataformas, se ha filtrado un video que mostrar\u00eda el momento exacto en el que Ch\u00e1vez y Uckermann son rechazados del evento en plena alfombra magenta.<\/p>\n<p>En las im\u00e1genes aparecen los integrantes del grupo a su llegada, seguido de un intercambio de palabras con el personal de seguridad, que al parecer no los dej\u00f3 muy contentos.<\/p>\n<p>Ya con un rostro desencajado, ambos posan para los medios Con expresiones de confusi\u00f3n, los integrantes posan brevemente en la alfombra antes de ser conducidos de regreso a la entrada y finalmente desalojados y despu\u00e9s llevados a la entrada.<\/p>\n<p>Este video, sumado a las declaraciones de los cantantes, ha causado gran controversia entre los usuarios, pues muchos aseguran que los cantantes perdieron sus lugares debido al sobrecupo de influencers que hab\u00eda en evento, aunque esto no lo ha confirmado la organizaci\u00f3n de los premios: \u00abLa misma sociedad tiene la culpa de que estos \u00abinfluencers\u00bb se crean m\u00e1s importantes que los verdaderos artistas\u00bb, \u00abLo que pasa que ahora ser un tiktoker es m\u00e1s importante que ser un cantante con trayectoria\u00bb, \u00abMuchos influencer que ni son artistas con trayectoria, y dejan sin cupo a los verdaderos cantantes\u00bb, son solo algunos comentarios que se pueden leer.<\/p>\n","protected":false},"excerpt":{"rendered":"<p>RBD se coron\u00f3 como la mejor agrupaci\u00f3n pop del a\u00f1o en la \u00faltima ceremonia de Premio Lo Nuestro, que se llev\u00f3 a cabo el pasado jueves 22 de febrero. Sin embargo, la banda no pudo recoger su estatuilla, debido a que a Christian Ch\u00e1vez y Christopher Uckermann, quienes iban en representaci\u00f3n de todos sus compa\u00f1eros, [&hellip;]<\/p>\n","protected":false},"author":1,"featured_media":31996,"comment_status":"open","ping_status":"closed","sticky":false,"template":"","format":"standard","meta":{"footnotes":""},"categories":[3],"tags":[],"class_list":["post-31994","post","type-post","status-publish","format-standard","has-post-thumbnail","hentry","category-espectaculos"],"_links":{"self":[{"href":"https:\/\/solidaridadnews.com\/index.php?rest_route=\/wp\/v2\/posts\/31994","targetHints":{"allow":["GET"]}}],"collection":[{"href":"https:\/\/solidaridadnews.com\/index.php?rest_route=\/wp\/v2\/posts"}],"about":[{"href":"https:\/\/solidaridadnews.com\/index.php?rest_route=\/wp\/v2\/types\/post"}],"author":[{"embeddable":true,"href":"https:\/\/solidaridadnews.com\/index.php?rest_route=\/wp\/v2\/users\/1"}],"replies":[{"embeddable":true,"href":"https:\/\/solidaridadnews.com\/index.php?rest_route=%2Fwp%2Fv2%2Fcomments&post=31994"}],"version-history":[{"count":1,"href":"https:\/\/solidaridadnews.com\/index.php?rest_route=\/wp\/v2\/posts\/31994\/revisions"}],"predecessor-version":[{"id":31995,"href":"https:\/\/solidaridadnews.com\/index.php?rest_route=\/wp\/v2\/posts\/31994\/revisions\/31995"}],"wp:featuredmedia":[{"embeddable":true,"href":"https:\/\/solidaridadnews.com\/index.php?rest_route=\/wp\/v2\/media\/31996"}],"wp:attachment":[{"href":"https:\/\/solidaridadnews.com\/index.php?rest_route=%2Fwp%2Fv2%2Fmedia&parent=31994"}],"wp:term":[{"taxonomy":"category","embeddable":true,"href":"https:\/\/solidaridadnews.com\/index.php?rest_route=%2Fwp%2Fv2%2Fcategories&post=31994"},{"taxonomy":"post_tag","embeddable":true,"href":"https:\/\/solidaridadnews.com\/index.php?rest_route=%2Fwp%2Fv2%2Ftags&post=31994"}],"curies":[{"name":"wp","href":"https:\/\/api.w.org\/{rel}","templated":true}]}}