{"id":31988,"date":"2024-02-26T09:59:59","date_gmt":"2024-02-26T14:59:59","guid":{"rendered":"https:\/\/solidaridadnews.com\/?p=31988"},"modified":"2024-02-26T15:00:00","modified_gmt":"2024-02-26T15:00:00","slug":"confirmado-cruz-azul-jugara-el-encuentro-ante-chivas-en-el-estadio-azteca","status":"publish","type":"post","link":"https:\/\/solidaridadnews.com\/?p=31988","title":{"rendered":"\u00a1Confirmado! Cruz Azul jugar\u00e1 el encuentro ante Chivas en el Estadio Azteca"},"content":{"rendered":"<p>Durante las primeras horas de ayer domingo se pudo saber que el conjunto celeste planeaba regresar a la cancha del Estadio Azteca para enfrentar a las Chivas en el duelo de la jornada 10 del Clausura 2024, informaci\u00f3n que ya podemos confirmar.<\/p>\n<p>Se confirm\u00f3 que Cruz Azul ha llegado a un acuerdo con las autoridades de la Ciudad de M\u00e9xico y con la Liga MX para que el encuentro frente a las Chivas se juegue en la cancha de &#8216;El Coloso de Santa \u00darsula&#8217; esto debido a un concierto en la Monumental Plaza de Toros M\u00e9xico.<\/p>\n<p>La M\u00e1quina analiz\u00f3 la posibilidad de regresar al Estadio Azteca luego de la derrota ante las \u00c1guilas del Am\u00e9rica, siendo conscientes de que la fecha del pr\u00f3ximo 2 de marzo ya estaba &#8216;ocupada&#8217; por el show de Alejandro Fern\u00e1ndez en el Coso de la Nochebuena.<\/p>\n<p>Debido a esto, Cruz Azul volver\u00e1 a &#8216;dejar&#8217; el estadio que fue su casa desde 1996 hasta 2018, a\u00f1o en el que se mudaron al Estadio Azteca, La M\u00e1quina volver\u00e1 al inmueble de la Colonia Nochebuena para recibir a los Rayos de Necaxa el pr\u00f3ximo 16 de marzo.<\/p>\n<p>Por medio de redes sociales, el organismo y el equipo de la Noria confirmaron que el pr\u00f3ximo s\u00e1bado jugar\u00e1n en el Estadio Ciudad de los Deportes, \u00abcon el objetivo de generar mejores condiciones en un ambiente familiar\u00bb. En el comunicado de la Liga MX, se inform\u00f3 que la Secretar\u00eda de Seguridad Ciudadana de la Ciudad de M\u00e9xico solicit\u00f3 el cambio, para evitar que el juego coincida con el mencionado concierto de Alejandro Fern\u00e1ndez.<\/p>\n<p>Cruz Azul, por su parte, anunci\u00f3 que en pr\u00f3ximos d\u00edas se dar\u00e1 a conocer la informaci\u00f3n sobre la venta de boletos. El cuadro celeste jugar\u00e1 ante Chivas luego de ver cortada la racha de siete partidos sin conocer la derrota, el Reba\u00f1o (por su parte) llegar\u00e1 al &#8216;Coloso de Santa \u00darsula&#8217; despu\u00e9s de vencer a los Pumas y de haber cortado su mala racha de dos partidos sin poder sumar de a tres.<\/p>\n","protected":false},"excerpt":{"rendered":"<p>Durante las primeras horas de ayer domingo se pudo saber que el conjunto celeste planeaba regresar a la cancha del Estadio Azteca para enfrentar a las Chivas en el duelo de la jornada 10 del Clausura 2024, informaci\u00f3n que ya podemos confirmar. Se confirm\u00f3 que Cruz Azul ha llegado a un acuerdo con las autoridades [&hellip;]<\/p>\n","protected":false},"author":1,"featured_media":31990,"comment_status":"open","ping_status":"closed","sticky":false,"template":"","format":"standard","meta":{"footnotes":""},"categories":[6],"tags":[],"class_list":["post-31988","post","type-post","status-publish","format-standard","has-post-thumbnail","hentry","category-deportes"],"_links":{"self":[{"href":"https:\/\/solidaridadnews.com\/index.php?rest_route=\/wp\/v2\/posts\/31988","targetHints":{"allow":["GET"]}}],"collection":[{"href":"https:\/\/solidaridadnews.com\/index.php?rest_route=\/wp\/v2\/posts"}],"about":[{"href":"https:\/\/solidaridadnews.com\/index.php?rest_route=\/wp\/v2\/types\/post"}],"author":[{"embeddable":true,"href":"https:\/\/solidaridadnews.com\/index.php?rest_route=\/wp\/v2\/users\/1"}],"replies":[{"embeddable":true,"href":"https:\/\/solidaridadnews.com\/index.php?rest_route=%2Fwp%2Fv2%2Fcomments&post=31988"}],"version-history":[{"count":1,"href":"https:\/\/solidaridadnews.com\/index.php?rest_route=\/wp\/v2\/posts\/31988\/revisions"}],"predecessor-version":[{"id":31989,"href":"https:\/\/solidaridadnews.com\/index.php?rest_route=\/wp\/v2\/posts\/31988\/revisions\/31989"}],"wp:featuredmedia":[{"embeddable":true,"href":"https:\/\/solidaridadnews.com\/index.php?rest_route=\/wp\/v2\/media\/31990"}],"wp:attachment":[{"href":"https:\/\/solidaridadnews.com\/index.php?rest_route=%2Fwp%2Fv2%2Fmedia&parent=31988"}],"wp:term":[{"taxonomy":"category","embeddable":true,"href":"https:\/\/solidaridadnews.com\/index.php?rest_route=%2Fwp%2Fv2%2Fcategories&post=31988"},{"taxonomy":"post_tag","embeddable":true,"href":"https:\/\/solidaridadnews.com\/index.php?rest_route=%2Fwp%2Fv2%2Ftags&post=31988"}],"curies":[{"name":"wp","href":"https:\/\/api.w.org\/{rel}","templated":true}]}}