{"id":31964,"date":"2024-02-23T14:59:08","date_gmt":"2024-02-23T19:59:08","guid":{"rendered":"https:\/\/solidaridadnews.com\/?p=31964"},"modified":"2024-02-23T19:59:10","modified_gmt":"2024-02-23T19:59:10","slug":"cuatro-estados-tendran-tarifas-especiales-de-luz-en-temporada-de-calor","status":"publish","type":"post","link":"https:\/\/solidaridadnews.com\/?p=31964","title":{"rendered":"Cuatro estados tendr\u00e1n tarifas especiales de luz en temporada de calor"},"content":{"rendered":"<p>Desde este viernes, Baja California, Sinaloa, Sonora y Nayarit gozar\u00e1n de tarifas el\u00e9ctricas especiales durante la temporada de calor, que se renovar\u00e1n autom\u00e1ticamente cada a\u00f1o. Esto, de acuerdo con lo anunciado por el presidente Andr\u00e9s Manuel L\u00f3pez Obrador, quien firm\u00f3 el decreto.<\/p>\n<p>Durante su conferencia ma\u00f1anera de este viernes, el mandatario federal destac\u00f3 que ayer se public\u00f3 en el Diario Oficial de la Federaci\u00f3n (DOF) el acuerdo por el que se otorga el subsidio a las cuatro entidades para mantener los apoyos en las tarifas el\u00e9ctricas.<\/p>\n<p>A\u00f1adi\u00f3 que el decreto fue gestionado, en primera instancia, por el gobernador de Sonora, Alfonso Durazo.<\/p>\n<p>\u201cSe otorga un subsidio a las entidades federativas de Baja California, Sonora, Sinaloa y Nayarit para cubrir los adeudos derivados de los apoyos tarifarios especificados en el apartado de considerandos del presente acuerdo\u201d.<\/p>\n<p>Diario Oficial de la Federaci\u00f3n \/ 22 de febrero de 2024.<\/p>\n<p>Ello, al destacar que los cuatro estados, por su clima des\u00e9rtico y costero, se consideran zonas de alto consumo el\u00e9ctrico durante la temporada de verano. En esa \u00e9poca, la poblaci\u00f3n hace mayor uso de los sistemas de enfriamiento, lo que afecta la econom\u00eda familiar.<\/p>\n<p>Mientras que con el subsidio, los cuatro Gobiernos estatales contar\u00e1n con recursos para seguir ofreciendo a su poblaci\u00f3n la disminuci\u00f3n de las tarifas a trav\u00e9s de convenios con la Comisi\u00f3n Federal de Electricidad (CFE), organismo encargado de suministrar el servicio el\u00e9ctrico.<\/p>\n<p>La Secretar\u00eda de Hacienda y Cr\u00e9dito P\u00fablico (SHCP) tendr\u00e1 que transferir a las entidades el dinero erogado para el pago de dichos convenios, siendo que desde el 23 de febrero de 2024 la entrega de recursos para tal efecto se realizar\u00e1 cada a\u00f1o de forma autom\u00e1tica.<\/p>\n","protected":false},"excerpt":{"rendered":"<p>Desde este viernes, Baja California, Sinaloa, Sonora y Nayarit gozar\u00e1n de tarifas el\u00e9ctricas especiales durante la temporada de calor, que se renovar\u00e1n autom\u00e1ticamente cada a\u00f1o. Esto, de acuerdo con lo anunciado por el presidente Andr\u00e9s Manuel L\u00f3pez Obrador, quien firm\u00f3 el decreto. Durante su conferencia ma\u00f1anera de este viernes, el mandatario federal destac\u00f3 que ayer [&hellip;]<\/p>\n","protected":false},"author":1,"featured_media":31966,"comment_status":"open","ping_status":"closed","sticky":false,"template":"","format":"standard","meta":{"footnotes":""},"categories":[2],"tags":[],"class_list":["post-31964","post","type-post","status-publish","format-standard","has-post-thumbnail","hentry","category-nacional"],"_links":{"self":[{"href":"https:\/\/solidaridadnews.com\/index.php?rest_route=\/wp\/v2\/posts\/31964","targetHints":{"allow":["GET"]}}],"collection":[{"href":"https:\/\/solidaridadnews.com\/index.php?rest_route=\/wp\/v2\/posts"}],"about":[{"href":"https:\/\/solidaridadnews.com\/index.php?rest_route=\/wp\/v2\/types\/post"}],"author":[{"embeddable":true,"href":"https:\/\/solidaridadnews.com\/index.php?rest_route=\/wp\/v2\/users\/1"}],"replies":[{"embeddable":true,"href":"https:\/\/solidaridadnews.com\/index.php?rest_route=%2Fwp%2Fv2%2Fcomments&post=31964"}],"version-history":[{"count":1,"href":"https:\/\/solidaridadnews.com\/index.php?rest_route=\/wp\/v2\/posts\/31964\/revisions"}],"predecessor-version":[{"id":31965,"href":"https:\/\/solidaridadnews.com\/index.php?rest_route=\/wp\/v2\/posts\/31964\/revisions\/31965"}],"wp:featuredmedia":[{"embeddable":true,"href":"https:\/\/solidaridadnews.com\/index.php?rest_route=\/wp\/v2\/media\/31966"}],"wp:attachment":[{"href":"https:\/\/solidaridadnews.com\/index.php?rest_route=%2Fwp%2Fv2%2Fmedia&parent=31964"}],"wp:term":[{"taxonomy":"category","embeddable":true,"href":"https:\/\/solidaridadnews.com\/index.php?rest_route=%2Fwp%2Fv2%2Fcategories&post=31964"},{"taxonomy":"post_tag","embeddable":true,"href":"https:\/\/solidaridadnews.com\/index.php?rest_route=%2Fwp%2Fv2%2Ftags&post=31964"}],"curies":[{"name":"wp","href":"https:\/\/api.w.org\/{rel}","templated":true}]}}