{"id":31961,"date":"2024-02-23T14:18:44","date_gmt":"2024-02-23T19:18:44","guid":{"rendered":"https:\/\/solidaridadnews.com\/?p=31961"},"modified":"2024-02-23T19:18:45","modified_gmt":"2024-02-23T19:18:45","slug":"mi-sueno-seria-poder-llevar-la-ufc-a-guadalajara-alexa-grasso","status":"publish","type":"post","link":"https:\/\/solidaridadnews.com\/?p=31961","title":{"rendered":"&#8216;Mi sue\u00f1o ser\u00eda poder llevar la UFC a Guadalajara&#8217;: Alexa Grasso"},"content":{"rendered":"<p>Alexa Grasso sue\u00f1a con defender el t\u00edtulo en casa. La campeona mundial de peso mosca aprovech\u00f3 que se encontraba en conferencia de prensa junto al director de operaciones de UFC para lanzarle la &#8216;pedrada&#8217; y solicitar que la dejen hacer una defensa del cetro en Guadalajara, sin embargo, nunca esper\u00f3 la respuesta que recibir\u00eda.<\/p>\n<p>Como parte de la inauguraci\u00f3n del UFC Performance Institute con sede en M\u00e9xico, los directivos de la empresa m\u00e1s importante mundo de Artes Marciales Mixtas, se dieron cita en tierras aztecas<\/p>\n<p>Luego de que Dana White, presidente de UFC, cortara el list\u00f3n que daba por inaugurado oficialmente el PI, se llev\u00f3 a cabo una conferencia de prensa en donde la n\u00famero uno libra por libra del ranking femenino fungi\u00f3 como representante tricolor.<\/p>\n<p>Una de las preguntas que le realizaron a Grasso, fue si le gustar\u00eda defender su corona en su pa\u00eds natal, a lo que la campeona contest\u00f3: \u00abObvio me gustar\u00eda tener una defensa en mi pa\u00eds, vi que est\u00e1n haciendo una arena nueva en Guadalajara, entonces, mi sue\u00f1o m\u00e1s grande ser\u00eda poder llevar la UFC a Guadalajara, ya que la arena est\u00e9 lista\u00bb.<\/p>\n<p>Sin embargo, de inmediato Lawrence le contest\u00f3: \u00abA Dana le encanta llevar a los campeones a pelear de local, \u00bfpor qu\u00e9 no hablar con Dana que est\u00e1 ac\u00e1?\u00bb.<\/p>\n<p>La Arena Guadalajara se encuentra actualmente en construcci\u00f3n y ser\u00e1 un recinto para 20 mil personas. Seg\u00fan los reportes, se espera que est\u00e9 terminada para septiembre de este a\u00f1o.<\/p>\n","protected":false},"excerpt":{"rendered":"<p>Alexa Grasso sue\u00f1a con defender el t\u00edtulo en casa. La campeona mundial de peso mosca aprovech\u00f3 que se encontraba en conferencia de prensa junto al director de operaciones de UFC para lanzarle la &#8216;pedrada&#8217; y solicitar que la dejen hacer una defensa del cetro en Guadalajara, sin embargo, nunca esper\u00f3 la respuesta que recibir\u00eda. Como [&hellip;]<\/p>\n","protected":false},"author":1,"featured_media":31963,"comment_status":"open","ping_status":"closed","sticky":false,"template":"","format":"standard","meta":{"footnotes":""},"categories":[6],"tags":[],"class_list":["post-31961","post","type-post","status-publish","format-standard","has-post-thumbnail","hentry","category-deportes"],"_links":{"self":[{"href":"https:\/\/solidaridadnews.com\/index.php?rest_route=\/wp\/v2\/posts\/31961","targetHints":{"allow":["GET"]}}],"collection":[{"href":"https:\/\/solidaridadnews.com\/index.php?rest_route=\/wp\/v2\/posts"}],"about":[{"href":"https:\/\/solidaridadnews.com\/index.php?rest_route=\/wp\/v2\/types\/post"}],"author":[{"embeddable":true,"href":"https:\/\/solidaridadnews.com\/index.php?rest_route=\/wp\/v2\/users\/1"}],"replies":[{"embeddable":true,"href":"https:\/\/solidaridadnews.com\/index.php?rest_route=%2Fwp%2Fv2%2Fcomments&post=31961"}],"version-history":[{"count":1,"href":"https:\/\/solidaridadnews.com\/index.php?rest_route=\/wp\/v2\/posts\/31961\/revisions"}],"predecessor-version":[{"id":31962,"href":"https:\/\/solidaridadnews.com\/index.php?rest_route=\/wp\/v2\/posts\/31961\/revisions\/31962"}],"wp:featuredmedia":[{"embeddable":true,"href":"https:\/\/solidaridadnews.com\/index.php?rest_route=\/wp\/v2\/media\/31963"}],"wp:attachment":[{"href":"https:\/\/solidaridadnews.com\/index.php?rest_route=%2Fwp%2Fv2%2Fmedia&parent=31961"}],"wp:term":[{"taxonomy":"category","embeddable":true,"href":"https:\/\/solidaridadnews.com\/index.php?rest_route=%2Fwp%2Fv2%2Fcategories&post=31961"},{"taxonomy":"post_tag","embeddable":true,"href":"https:\/\/solidaridadnews.com\/index.php?rest_route=%2Fwp%2Fv2%2Ftags&post=31961"}],"curies":[{"name":"wp","href":"https:\/\/api.w.org\/{rel}","templated":true}]}}