{"id":31955,"date":"2024-02-22T11:05:50","date_gmt":"2024-02-22T16:05:50","guid":{"rendered":"https:\/\/solidaridadnews.com\/?p=31955"},"modified":"2024-02-22T16:05:52","modified_gmt":"2024-02-22T16:05:52","slug":"melody-cantante-de-el-baile-del-gorila-ya-es-mama","status":"publish","type":"post","link":"https:\/\/solidaridadnews.com\/?p=31955","title":{"rendered":"Melody, cantante de &#8216;El baile del gorila&#8217; ya es mam\u00e1"},"content":{"rendered":"<p>En la d\u00e9cada de los 2000\u2019s muchos cantantes infantiles se dieron a conocer y Melody fue una que alcanz\u00f3 gran popularidad gracias a su canci\u00f3n \u201cEl baile del gorila\u201d y a m\u00e1s de 20 a\u00f1os de la sensaci\u00f3n que caus\u00f3 con este tema, la famosa ha reaparecido y revel\u00f3 para anuniar que se convirti\u00f3 en mam\u00e1.<\/p>\n<p>La cantante aunque fue un suceso durante su ni\u00f1ez se retir\u00f3 de la m\u00fasica por varios a\u00f1os, pero en el 2018 anunci\u00f3 que retomar\u00eda su carrera y ahora con 33 a\u00f1os dio a conocer que se convirti\u00f3 en madre por primera vez.<\/p>\n<p>En el 2023 Melody comparti\u00f3 con sus fans en Instagram que estaba embarazada, por lo que en estos meses subi\u00f3 fotos de todo su embarazo y hace unos d\u00edas dio la noticia de que su beb\u00e9 ya naci\u00f3.<\/p>\n<p>Con una foto en donde se ve a su beb\u00e9 durmiendo mientras ella y su pareja sostienen la foto del ni\u00f1o anunci\u00f3 el nacimiento de su primer hijo.<\/p>\n<p>\u201c\u00a1\u00a1\u00a1\u00a1Y lleg\u00f3 el gran d\u00eda!!!! Me declaro completamente enamorada. Te amamos con todo el coraz\u00f3n\u201d.<\/p>\n<p>De inmediato la publicaci\u00f3n acumul\u00f3 miles de likes y cientos de comentarios en donde sus seguidores no dudaron en felicitar a Melody.<\/p>\n<p>\u201cEnhora buena, bendiciones\u201d, \u201cEnhorabuena y que los astros protejan a la criatura\u201d, \u201cTodo lo mejor para ustedes\u201d, \u201cEs el sobrino de toda Espa\u00f1a\u201d, \u201cFelicidades Melody\u201d, \u201cMe muero de amor, felicidades familia\u201d.<\/p>\n<p>Poco despu\u00e9s Melody subi\u00f3 una foto en donde ella est\u00e1 en la cama del hospital y tras el nacimiento de su beb\u00e9 disfruta de una deliciosa pizza.<\/p>\n<p>\u201cPostparto: deseos de comer pizza\u201d.<\/p>\n<p>En cuanto al padre de su beb\u00e9, Melody ha mantenido en anonimato la identidad de su pareja, pero en una entrevista para el programa \u201cFiesta\u201d, habl\u00f3 sobre la relaci\u00f3n que mantiene con \u00e9l.<\/p>\n<p>\u201cTengo mi pareja, estamos los dos loquitos, estamos derretidos. Si que es verdad que no soy una persona de contar mucho pero no por nada, sino porque salgo al espect\u00e1culo para cantar y bailar y en la vida personal me gusta cuidarme mucho. Yo he elegido cantar, pero mi pareja no. Yo tengo que respetar eso, hay personas a las que les gusta y a otros que no.\u201d<\/p>\n<p>Tras el \u00e9xito que obtuvo con \u201cEl baile del gorila\u201d, en el 2002 fue nominada a los Grammy Latino, sin embargo, Melody se alej\u00f3 de los escenarios por varios y en el 2018 anunci\u00f3 su regreso a la m\u00fasica.<\/p>\n","protected":false},"excerpt":{"rendered":"<p>En la d\u00e9cada de los 2000\u2019s muchos cantantes infantiles se dieron a conocer y Melody fue una que alcanz\u00f3 gran popularidad gracias a su canci\u00f3n \u201cEl baile del gorila\u201d y a m\u00e1s de 20 a\u00f1os de la sensaci\u00f3n que caus\u00f3 con este tema, la famosa ha reaparecido y revel\u00f3 para anuniar que se convirti\u00f3 en [&hellip;]<\/p>\n","protected":false},"author":1,"featured_media":31957,"comment_status":"open","ping_status":"closed","sticky":false,"template":"","format":"standard","meta":{"footnotes":""},"categories":[3],"tags":[],"class_list":["post-31955","post","type-post","status-publish","format-standard","has-post-thumbnail","hentry","category-espectaculos"],"_links":{"self":[{"href":"https:\/\/solidaridadnews.com\/index.php?rest_route=\/wp\/v2\/posts\/31955","targetHints":{"allow":["GET"]}}],"collection":[{"href":"https:\/\/solidaridadnews.com\/index.php?rest_route=\/wp\/v2\/posts"}],"about":[{"href":"https:\/\/solidaridadnews.com\/index.php?rest_route=\/wp\/v2\/types\/post"}],"author":[{"embeddable":true,"href":"https:\/\/solidaridadnews.com\/index.php?rest_route=\/wp\/v2\/users\/1"}],"replies":[{"embeddable":true,"href":"https:\/\/solidaridadnews.com\/index.php?rest_route=%2Fwp%2Fv2%2Fcomments&post=31955"}],"version-history":[{"count":1,"href":"https:\/\/solidaridadnews.com\/index.php?rest_route=\/wp\/v2\/posts\/31955\/revisions"}],"predecessor-version":[{"id":31956,"href":"https:\/\/solidaridadnews.com\/index.php?rest_route=\/wp\/v2\/posts\/31955\/revisions\/31956"}],"wp:featuredmedia":[{"embeddable":true,"href":"https:\/\/solidaridadnews.com\/index.php?rest_route=\/wp\/v2\/media\/31957"}],"wp:attachment":[{"href":"https:\/\/solidaridadnews.com\/index.php?rest_route=%2Fwp%2Fv2%2Fmedia&parent=31955"}],"wp:term":[{"taxonomy":"category","embeddable":true,"href":"https:\/\/solidaridadnews.com\/index.php?rest_route=%2Fwp%2Fv2%2Fcategories&post=31955"},{"taxonomy":"post_tag","embeddable":true,"href":"https:\/\/solidaridadnews.com\/index.php?rest_route=%2Fwp%2Fv2%2Ftags&post=31955"}],"curies":[{"name":"wp","href":"https:\/\/api.w.org\/{rel}","templated":true}]}}