{"id":31937,"date":"2024-02-21T10:47:55","date_gmt":"2024-02-21T15:47:55","guid":{"rendered":"https:\/\/solidaridadnews.com\/?p=31937"},"modified":"2024-02-21T15:47:56","modified_gmt":"2024-02-21T15:47:56","slug":"consul-mexicano-trabajara-para-proteger-las-relaciones-con-california","status":"publish","type":"post","link":"https:\/\/solidaridadnews.com\/?p=31937","title":{"rendered":"C\u00f3nsul mexicano trabajar\u00e1 para proteger las relaciones con California"},"content":{"rendered":"<p>El c\u00f3nsul mexicano en California, Carlos Gonz\u00e1lez Guti\u00e9rrez, busca \u201cahondar\u201d las relaciones del estado con M\u00e9xico, que califica como fuertes comercialmente y de buen trato a los migrantes, seg\u00fan dijo en una entrevista con EFE.<\/p>\n<p>Gonz\u00e1lez Guti\u00e9rrez, quien deja este mes el Consulado de San Diego, despu\u00e9s de cinco a\u00f1os en el cargo, para presidir ahora el de Los \u00c1ngeles, subray\u00f3 que busca proteger la relaci\u00f3n bilateral con California.<\/p>\n<p>Para el mexicano es un v\u00ednculo que \u201ccasi se puede tocar\u201d, dijo.<\/p>\n<p>\u201cEl mejor amigo que tiene M\u00e9xico en el mundo se llama California\u201d, expres\u00f3 el nuevo c\u00f3nsul de Los \u00c1ngeles, ciudad donde inici\u00f3 su carrera diplom\u00e1tica en la d\u00e9cada de los a\u00f1os ochenta.<\/p>\n<p>\u201cEs el estado que mejor recibe a nuestros migrantes\u201d, agreg\u00f3 el que fuera el primer director ejecutivo del Instituto de los Mexicanos en el Exterior, la entidad que promueve los v\u00ednculos entre los mexicanos radicados en el extranjero y su pa\u00eds de origen.<\/p>\n<p>California \u201ces el estado que ayuda con mayor ah\u00ednco a los migrantes mexicanos a integrarse a su nueva sociedad adoptiva, que desarrolla iniciativas que ayudan a la integraci\u00f3n de los reci\u00e9n llegados\u201d, subray\u00f3.<\/p>\n<p>El estado acaba de extender hace unas semanas los servicios del programa de salud p\u00fablico para residentes de bajos ingresos MediCal, con lo que se convirti\u00f3 en el primer estado que otorga servicios m\u00e9dicos estatales a todos los migrantes, independientemente de su condici\u00f3n migratoria.<\/p>\n<p>California adem\u00e1s otorga becas a los estudiantes indocumentados con buenos grados, les ofrece costos de matr\u00edculas similares a los que tienen los ciudadanos estadounidenses. Recientemente lanz\u00f3 un programa piloto para apoyar tambi\u00e9n a estudiantes del vecino estado mexicano de Baja California para que estudien en escuelas p\u00fablicas de la frontera californiana.<\/p>\n<p>Por otro lado, las fuerzas policiales y los empleados p\u00fablicos estatales tienen prohibido en California colaborar con agentes federales que buscan migrantes o darles informaci\u00f3n.<\/p>\n<p>Por otro lado, en materia comercial, M\u00e9xico ahora ha desplazado a China como principal socio comercial, pero el estado de California por s\u00ed solo, una de las cinco mayores potencias econ\u00f3micas en el mundo, es el principal socio comercial de M\u00e9xico.<\/p>\n<p>De acuerdo con cifras oficiales del estado de California, las exportaciones a M\u00e9xico aumentaron a 33 mil 260 millones de d\u00f3lares en 2023, de 30 mil 800 millones de d\u00f3lares el a\u00f1o anterior.<\/p>\n<p>No hay nada m\u00e1s importante para los mexicanos, que proteger esta relaci\u00f3n bilateral con California, manifest\u00f3.<\/p>\n<p>\u201cPor lo menos para aquellos que nos dedicamos a las relaciones exteriores de M\u00e9xico, no creo que haya una tarea m\u00e1s fundamental, que preservar esta relaci\u00f3n privilegiada que tenemos con California y ahondarla\u201d, dijo ahora que ser\u00e1 el c\u00f3nsul titular para la mayor comunidad de mexicanos fuera de ese pa\u00eds.<\/p>\n<p>Considera que, en esa tarea, la frontera y el sur de California representan la mayor oportunidad.<\/p>\n<p>La relaci\u00f3n binacional entre California y Baja California, en M\u00e9xico, \u201cse esfuerza por ser la vanguardia en t\u00e9rminos de integraci\u00f3n; aqu\u00ed se puede casi tocar la relaci\u00f3n bilateral como no se puede hacer en ninguna otra regi\u00f3n\u201d, dijo.<\/p>\n<p>Se\u00f1al\u00f3 que quiz\u00e1s el 65 por ciento de los sandieguinos no han ido a Tijuana (M\u00e9xico) en 15 a\u00f1os y muchos tijuanenses carecen de visa para cruzar a San Diego (EE.UU.), pero que la integraci\u00f3n es una aspiraci\u00f3n \u201cque me consta que comparten los l\u00edderes encargados de tomar las decisiones\u201d en ambos lados en la regi\u00f3n, agreg\u00f3.<\/p>\n<p>Explic\u00f3 que la misi\u00f3n compartida es ver \u201cc\u00f3mo vamos a hacer para integrarnos m\u00e1s, en lo econ\u00f3mico y en lo social, porque estamos convencidos de que en ambos lados de la frontera nuestra prosperidad depende de la prosperidad de quienes est\u00e1n al otro lado\u201d.<\/p>\n<p>El c\u00f3nsul junt\u00f3 sus pu\u00f1os al explicar que la frontera entre M\u00e9xico y California es \u201cla regi\u00f3n donde las dos masas tect\u00f3nicas, que son los dos pa\u00edses, se unen; es una frontera que m\u00e1s que separar, nos une\u201d, dijo.<\/p>\n","protected":false},"excerpt":{"rendered":"<p>El c\u00f3nsul mexicano en California, Carlos Gonz\u00e1lez Guti\u00e9rrez, busca \u201cahondar\u201d las relaciones del estado con M\u00e9xico, que califica como fuertes comercialmente y de buen trato a los migrantes, seg\u00fan dijo en una entrevista con EFE. Gonz\u00e1lez Guti\u00e9rrez, quien deja este mes el Consulado de San Diego, despu\u00e9s de cinco a\u00f1os en el cargo, para presidir [&hellip;]<\/p>\n","protected":false},"author":1,"featured_media":31939,"comment_status":"open","ping_status":"closed","sticky":false,"template":"","format":"standard","meta":{"footnotes":""},"categories":[2],"tags":[],"class_list":["post-31937","post","type-post","status-publish","format-standard","has-post-thumbnail","hentry","category-nacional"],"_links":{"self":[{"href":"https:\/\/solidaridadnews.com\/index.php?rest_route=\/wp\/v2\/posts\/31937","targetHints":{"allow":["GET"]}}],"collection":[{"href":"https:\/\/solidaridadnews.com\/index.php?rest_route=\/wp\/v2\/posts"}],"about":[{"href":"https:\/\/solidaridadnews.com\/index.php?rest_route=\/wp\/v2\/types\/post"}],"author":[{"embeddable":true,"href":"https:\/\/solidaridadnews.com\/index.php?rest_route=\/wp\/v2\/users\/1"}],"replies":[{"embeddable":true,"href":"https:\/\/solidaridadnews.com\/index.php?rest_route=%2Fwp%2Fv2%2Fcomments&post=31937"}],"version-history":[{"count":1,"href":"https:\/\/solidaridadnews.com\/index.php?rest_route=\/wp\/v2\/posts\/31937\/revisions"}],"predecessor-version":[{"id":31938,"href":"https:\/\/solidaridadnews.com\/index.php?rest_route=\/wp\/v2\/posts\/31937\/revisions\/31938"}],"wp:featuredmedia":[{"embeddable":true,"href":"https:\/\/solidaridadnews.com\/index.php?rest_route=\/wp\/v2\/media\/31939"}],"wp:attachment":[{"href":"https:\/\/solidaridadnews.com\/index.php?rest_route=%2Fwp%2Fv2%2Fmedia&parent=31937"}],"wp:term":[{"taxonomy":"category","embeddable":true,"href":"https:\/\/solidaridadnews.com\/index.php?rest_route=%2Fwp%2Fv2%2Fcategories&post=31937"},{"taxonomy":"post_tag","embeddable":true,"href":"https:\/\/solidaridadnews.com\/index.php?rest_route=%2Fwp%2Fv2%2Ftags&post=31937"}],"curies":[{"name":"wp","href":"https:\/\/api.w.org\/{rel}","templated":true}]}}