{"id":31925,"date":"2024-02-20T12:32:26","date_gmt":"2024-02-20T17:32:26","guid":{"rendered":"https:\/\/solidaridadnews.com\/?p=31925"},"modified":"2024-02-20T17:32:27","modified_gmt":"2024-02-20T17:32:27","slug":"nominan-a-julian-assange-al-premio-nobel-de-la-paz","status":"publish","type":"post","link":"https:\/\/solidaridadnews.com\/?p=31925","title":{"rendered":"Nominan a Julian Assange al Premio Nobel de la Paz"},"content":{"rendered":"<p>El periodista australiano y fundador del portal WikiLeaks, Julian Assange, fue nominado al Nobel de la Paz 2024, inform\u00f3 la diputada noruega que lo propuso.<\/p>\n<p>\u201cAssange ha revelado cr\u00edmenes de guerra occidentales y contribuido a la paz. Si queremos evitar la guerra, debemos conocer la verdad sobre los da\u00f1os que provoca\u201d, declar\u00f3 al peri\u00f3dico Dagbladet, Sofie Marhaug, diputada de la formaci\u00f3n de izquierda Rojo.<\/p>\n<p>Marhaug calific\u00f3 a Assange de \u201cprisionero pol\u00edtico\u201d y destac\u00f3 que deber\u00eda ser homenajeado por su contribuci\u00f3n a la paz y no perseguido.<\/p>\n<p>\u201cOccidente grita cuando otros pa\u00edses hacen eso, pero no quiere atenci\u00f3n cuando ocurre en nuestra esfera. D\u00e1ndole el Nobel de la Paz a Assange, el Instituto Nobel enviar\u00eda un mensaje claro de que no aceptamos la doble moral\u201d, afirm\u00f3 Marhaug.<\/p>\n<p>Assange, de 53 a\u00f1os, presentar\u00e1 este martes y ma\u00f1ana ante el Tribunal Superior de Londres el que podr\u00eda ser su \u00faltimo recurso legal en Reino Unido contra su extradici\u00f3n a Estados Unidos, que le reclama por 18 delitos de espionaje e intrusi\u00f3n inform\u00e1tica por las revelaciones de WikiLeaks.<\/p>\n<p>El periodista australiano est\u00e1 en prisi\u00f3n preventiva en una c\u00e1rcel de alta seguridad londinense desde que fue detenido a petici\u00f3n de EE.UU. tras ser arrestado en 2019 por la fuerza en la embajada de Ecuador en Londres, al retirarle Quito el asilo diplom\u00e1tico concedido en 2012.<\/p>\n<p>Assange se hab\u00eda refugiado all\u00ed despu\u00e9s de su detenci\u00f3n inicial en la capital brit\u00e1nica en 2010 a instancias de Suecia, por una investigaci\u00f3n preliminar por violaci\u00f3n que fue cerrada a\u00f1os m\u00e1s tarde por el debilitamiento de las evidencias y la falta de base para una acusaci\u00f3n.<\/p>\n<p>Estados Unidos le persigue por la informaci\u00f3n clasificada -facilitada por su contacto en el Ej\u00e9rcito estadounidense Chelsea Manning, hoy en libertad-, publicada en 2010 y 2011 por WikiLeaks, que expuso violaciones de los derechos humanos de EE.UU. en las guerras de Irak y Afganist\u00e1n.<\/p>\n","protected":false},"excerpt":{"rendered":"<p>El periodista australiano y fundador del portal WikiLeaks, Julian Assange, fue nominado al Nobel de la Paz 2024, inform\u00f3 la diputada noruega que lo propuso. \u201cAssange ha revelado cr\u00edmenes de guerra occidentales y contribuido a la paz. Si queremos evitar la guerra, debemos conocer la verdad sobre los da\u00f1os que provoca\u201d, declar\u00f3 al peri\u00f3dico Dagbladet, [&hellip;]<\/p>\n","protected":false},"author":1,"featured_media":31927,"comment_status":"open","ping_status":"closed","sticky":false,"template":"","format":"standard","meta":{"footnotes":""},"categories":[9],"tags":[],"class_list":["post-31925","post","type-post","status-publish","format-standard","has-post-thumbnail","hentry","category-internacional"],"_links":{"self":[{"href":"https:\/\/solidaridadnews.com\/index.php?rest_route=\/wp\/v2\/posts\/31925","targetHints":{"allow":["GET"]}}],"collection":[{"href":"https:\/\/solidaridadnews.com\/index.php?rest_route=\/wp\/v2\/posts"}],"about":[{"href":"https:\/\/solidaridadnews.com\/index.php?rest_route=\/wp\/v2\/types\/post"}],"author":[{"embeddable":true,"href":"https:\/\/solidaridadnews.com\/index.php?rest_route=\/wp\/v2\/users\/1"}],"replies":[{"embeddable":true,"href":"https:\/\/solidaridadnews.com\/index.php?rest_route=%2Fwp%2Fv2%2Fcomments&post=31925"}],"version-history":[{"count":1,"href":"https:\/\/solidaridadnews.com\/index.php?rest_route=\/wp\/v2\/posts\/31925\/revisions"}],"predecessor-version":[{"id":31926,"href":"https:\/\/solidaridadnews.com\/index.php?rest_route=\/wp\/v2\/posts\/31925\/revisions\/31926"}],"wp:featuredmedia":[{"embeddable":true,"href":"https:\/\/solidaridadnews.com\/index.php?rest_route=\/wp\/v2\/media\/31927"}],"wp:attachment":[{"href":"https:\/\/solidaridadnews.com\/index.php?rest_route=%2Fwp%2Fv2%2Fmedia&parent=31925"}],"wp:term":[{"taxonomy":"category","embeddable":true,"href":"https:\/\/solidaridadnews.com\/index.php?rest_route=%2Fwp%2Fv2%2Fcategories&post=31925"},{"taxonomy":"post_tag","embeddable":true,"href":"https:\/\/solidaridadnews.com\/index.php?rest_route=%2Fwp%2Fv2%2Ftags&post=31925"}],"curies":[{"name":"wp","href":"https:\/\/api.w.org\/{rel}","templated":true}]}}