{"id":31922,"date":"2024-02-20T11:35:38","date_gmt":"2024-02-20T16:35:38","guid":{"rendered":"https:\/\/solidaridadnews.com\/?p=31922"},"modified":"2024-02-20T16:35:40","modified_gmt":"2024-02-20T16:35:40","slug":"the-chosen-una-historia-de-fe","status":"publish","type":"post","link":"https:\/\/solidaridadnews.com\/?p=31922","title":{"rendered":"The Chosen, una historia de fe"},"content":{"rendered":"<p>\u201c\u00bfCu\u00e1l es tu vers\u00edculo favorito?\u201d, se escuch\u00f3 entre los fans mexicanos quienes, con emoci\u00f3n, ve\u00edan de cerca a los protagonistas de la serie The Chosen, el drama hist\u00f3rico basado en la vida de Jes\u00fas de Nazaret, durante su premier en una plaza comercial de Polanco.<\/p>\n<p>El elenco que encabeza la producci\u00f3n independiente, cuyos dos primeros episodios de su cuarta temporada se estrenar\u00e1n en cines este 22 de febrero, camin\u00f3 por la alfombra de gala y fue fotografiado por alrededor de 500 seguidores que los esperaban.<\/p>\n<p>El actor estadunidense Jonathan Roumie, quien recrea a Jes\u00fas en The Chosen, fue recibido con cierta solemnidad y amplio respeto por los presentes, pero tambi\u00e9n con una emoci\u00f3n desprendida en aplausos r\u00edtmicos.<\/p>\n<p>\u00c9l, con serenidad y una sonrisa ligera, camin\u00f3 despacio y recibi\u00f3 las muestras de cari\u00f1o con tranquilidad y paciencia, dando el mayor espacio y tiempo posibles para convivir con sus espectadores y tomarse fotos.<\/p>\n<p>\u201cLeo los Evangelios, leo la Biblia. Creo que es lo \u00fanico que puedes hacer. La palabra de Dios es todo lo que necesitas. Nuestra responsabilidad es contar la historia de manera completa y hacer que esa historia sea vista y sentida por todos los dem\u00e1s.<\/p>\n<p>\u201cHa sido muy noble el proyecto. Siento que es muy impresionante y no me lo esperaba\u201d, dijo Roumie.<\/p>\n<p>La actriz peruana Vanessa Benavente, quien interpret\u00f3 a Mar\u00eda, se\u00f1al\u00f3 que el personaje es un desaf\u00edo, pues hasta ahora se le ha visto en facetas m\u00e1s ligeras, pero lo que viene es simplemente doloroso.<\/p>\n<p>\u201cAhora entramos a territorios mucho m\u00e1s turbios y a la parte de la historia en donde ella lidia con muchas cosas. Es imposible que yo, con mis experiencias de una persona del siglo 21, pueda entender lo que pudo haber pasado ella, pero en ese yo no saber, puedo encontrar c\u00f3mo aproximarme a ese dolor, porque hay madres que tienen que despedirse de sus hijos. Dejarme inspirar por esas historias, es la clave de Mar\u00eda en las temporadas que vienen\u201d, acot\u00f3 Benavente.<\/p>\n<p>Tambi\u00e9n desfilaron Abe Bueno-Jallad, quien recrea a Santiago; Shahar Isaac, que hace a Sim\u00f3n, y un espectador como invitado especial, el m\u00fasico Alexander Acha, fiel creyente de la palabra de Dios y seguidor de esta producci\u00f3n.<\/p>\n<p>La serie, que inici\u00f3 como un peque\u00f1o proyecto financiado a trav\u00e9s de crowdfunding, se ha convertido en un fen\u00f3meno global con m\u00e1s de 200 millones de espectadores \u00fanicos en m\u00e1s de 190 pa\u00edses de los siete continentes.<\/p>\n<p>Gracias al apoyo de los espectadores se han recaudado m\u00e1s de 100 millones de d\u00f3lares para la producci\u00f3n de estas cuatro temporadas. Los episodios de las tres primeras ser\u00e1n doblados a 50 idiomas y est\u00e1 previsto subtitularlos en m\u00e1s de 600.<\/p>\n<p>Las tres primeras temporadas est\u00e1n disponibles en Netflix y en la app gratuita The Chosen para Android y iOS.<\/p>\n","protected":false},"excerpt":{"rendered":"<p>\u201c\u00bfCu\u00e1l es tu vers\u00edculo favorito?\u201d, se escuch\u00f3 entre los fans mexicanos quienes, con emoci\u00f3n, ve\u00edan de cerca a los protagonistas de la serie The Chosen, el drama hist\u00f3rico basado en la vida de Jes\u00fas de Nazaret, durante su premier en una plaza comercial de Polanco. El elenco que encabeza la producci\u00f3n independiente, cuyos dos primeros [&hellip;]<\/p>\n","protected":false},"author":1,"featured_media":31924,"comment_status":"open","ping_status":"closed","sticky":false,"template":"","format":"standard","meta":{"footnotes":""},"categories":[3],"tags":[],"class_list":["post-31922","post","type-post","status-publish","format-standard","has-post-thumbnail","hentry","category-espectaculos"],"_links":{"self":[{"href":"https:\/\/solidaridadnews.com\/index.php?rest_route=\/wp\/v2\/posts\/31922","targetHints":{"allow":["GET"]}}],"collection":[{"href":"https:\/\/solidaridadnews.com\/index.php?rest_route=\/wp\/v2\/posts"}],"about":[{"href":"https:\/\/solidaridadnews.com\/index.php?rest_route=\/wp\/v2\/types\/post"}],"author":[{"embeddable":true,"href":"https:\/\/solidaridadnews.com\/index.php?rest_route=\/wp\/v2\/users\/1"}],"replies":[{"embeddable":true,"href":"https:\/\/solidaridadnews.com\/index.php?rest_route=%2Fwp%2Fv2%2Fcomments&post=31922"}],"version-history":[{"count":1,"href":"https:\/\/solidaridadnews.com\/index.php?rest_route=\/wp\/v2\/posts\/31922\/revisions"}],"predecessor-version":[{"id":31923,"href":"https:\/\/solidaridadnews.com\/index.php?rest_route=\/wp\/v2\/posts\/31922\/revisions\/31923"}],"wp:featuredmedia":[{"embeddable":true,"href":"https:\/\/solidaridadnews.com\/index.php?rest_route=\/wp\/v2\/media\/31924"}],"wp:attachment":[{"href":"https:\/\/solidaridadnews.com\/index.php?rest_route=%2Fwp%2Fv2%2Fmedia&parent=31922"}],"wp:term":[{"taxonomy":"category","embeddable":true,"href":"https:\/\/solidaridadnews.com\/index.php?rest_route=%2Fwp%2Fv2%2Fcategories&post=31922"},{"taxonomy":"post_tag","embeddable":true,"href":"https:\/\/solidaridadnews.com\/index.php?rest_route=%2Fwp%2Fv2%2Ftags&post=31922"}],"curies":[{"name":"wp","href":"https:\/\/api.w.org\/{rel}","templated":true}]}}