{"id":31910,"date":"2024-02-19T12:29:11","date_gmt":"2024-02-19T17:29:11","guid":{"rendered":"https:\/\/solidaridadnews.com\/?p=31910"},"modified":"2024-02-19T17:29:12","modified_gmt":"2024-02-19T17:29:12","slug":"rescatan-a-141-migrantes-marroquies-con-destino-a-islas-canarias","status":"publish","type":"post","link":"https:\/\/solidaridadnews.com\/?p=31910","title":{"rendered":"Rescatan a 141 migrantes marroqu\u00edes con destino a Islas Canarias"},"content":{"rendered":"<p>Las fuerzas armadas de Marruecos anunciaron este domingo el rescate de 141 migrantes, entre ellos tres menores y dos mujeres, frente a las costas de Dajla, a bordo de una embarcaci\u00f3n que supuestamente se dirig\u00eda hacia las Islas Canarias, en medio de un aumento de este tipo de operaciones.<\/p>\n<p>Una patrulla de la Marina Real asisti\u00f3 a la embarcaci\u00f3n, que se encontraba a 274 kil\u00f3metros al sudoeste de Dajla, en S\u00e1hara Occidental ocupado, seg\u00fan un comunicado de las Fuerzas Armadas publicado en su cuenta de la red social X, antes Twitter.<\/p>\n<p>La operaci\u00f3n de rescate de los migrantes, que partieron el pasado 10 de febrero desde Mauritania, ha durado m\u00e1s de 15 horas debido a las malas condiciones climatol\u00f3gicas, seg\u00fan ha informado el Mando General de las Fuerzas Armadas a la agencia de noticias estatal marroqu\u00ed, MAP.<\/p>\n<p>Las autoridades marroqu\u00edes trasladaron a las personas hasta el puerto de Dajla, donde han pasado a disposici\u00f3n de la Gendarmer\u00eda para realizar los tr\u00e1mites correspondientes.<\/p>\n","protected":false},"excerpt":{"rendered":"<p>Las fuerzas armadas de Marruecos anunciaron este domingo el rescate de 141 migrantes, entre ellos tres menores y dos mujeres, frente a las costas de Dajla, a bordo de una embarcaci\u00f3n que supuestamente se dirig\u00eda hacia las Islas Canarias, en medio de un aumento de este tipo de operaciones. Una patrulla de la Marina Real [&hellip;]<\/p>\n","protected":false},"author":1,"featured_media":31912,"comment_status":"open","ping_status":"closed","sticky":false,"template":"","format":"standard","meta":{"footnotes":""},"categories":[9],"tags":[],"class_list":["post-31910","post","type-post","status-publish","format-standard","has-post-thumbnail","hentry","category-internacional"],"_links":{"self":[{"href":"https:\/\/solidaridadnews.com\/index.php?rest_route=\/wp\/v2\/posts\/31910","targetHints":{"allow":["GET"]}}],"collection":[{"href":"https:\/\/solidaridadnews.com\/index.php?rest_route=\/wp\/v2\/posts"}],"about":[{"href":"https:\/\/solidaridadnews.com\/index.php?rest_route=\/wp\/v2\/types\/post"}],"author":[{"embeddable":true,"href":"https:\/\/solidaridadnews.com\/index.php?rest_route=\/wp\/v2\/users\/1"}],"replies":[{"embeddable":true,"href":"https:\/\/solidaridadnews.com\/index.php?rest_route=%2Fwp%2Fv2%2Fcomments&post=31910"}],"version-history":[{"count":1,"href":"https:\/\/solidaridadnews.com\/index.php?rest_route=\/wp\/v2\/posts\/31910\/revisions"}],"predecessor-version":[{"id":31911,"href":"https:\/\/solidaridadnews.com\/index.php?rest_route=\/wp\/v2\/posts\/31910\/revisions\/31911"}],"wp:featuredmedia":[{"embeddable":true,"href":"https:\/\/solidaridadnews.com\/index.php?rest_route=\/wp\/v2\/media\/31912"}],"wp:attachment":[{"href":"https:\/\/solidaridadnews.com\/index.php?rest_route=%2Fwp%2Fv2%2Fmedia&parent=31910"}],"wp:term":[{"taxonomy":"category","embeddable":true,"href":"https:\/\/solidaridadnews.com\/index.php?rest_route=%2Fwp%2Fv2%2Fcategories&post=31910"},{"taxonomy":"post_tag","embeddable":true,"href":"https:\/\/solidaridadnews.com\/index.php?rest_route=%2Fwp%2Fv2%2Ftags&post=31910"}],"curies":[{"name":"wp","href":"https:\/\/api.w.org\/{rel}","templated":true}]}}