{"id":31904,"date":"2024-02-19T10:17:32","date_gmt":"2024-02-19T15:17:32","guid":{"rendered":"https:\/\/solidaridadnews.com\/?p=31904"},"modified":"2024-02-19T15:17:33","modified_gmt":"2024-02-19T15:17:33","slug":"ever-palma-logro-la-marca-para-paris-2024-en-marcha-pero-su-participacion-esta-en-duda","status":"publish","type":"post","link":"https:\/\/solidaridadnews.com\/?p=31904","title":{"rendered":"Ever Palma logr\u00f3 la marca para Par\u00eds 2024 en marcha, pero su participaci\u00f3n est\u00e1 en duda"},"content":{"rendered":"<p>Ever Palma consigui\u00f3 la marca requerida para asistir a los Juegos Ol\u00edmpicos de Par\u00eds 2024. Sin embargo, el michoacano podr\u00eda no asistir a la competencia de verano, debido a que otros tres atletas registraron la misma marca previamente.<\/p>\n<p>Dentro del 107\u00b0 Campeonato de Atletismo de Marcha realizado en Jap\u00f3n, Palma registr\u00f3 1:19.26, con lo que super\u00f3 el m\u00ednimo que World Athletics pide (1:20.1) para obtener el pasaporte a la justa ol\u00edmpica, que comenzar\u00e1 del 26 de julio al 11 de agoto de este a\u00f1o.<\/p>\n<p>El atleta michoacano debut\u00f3 como deportista ol\u00edmpico en los Juegos Ol\u00edmpicos de Londres 2012, en los que registr\u00f3 1:26.30. Posteriormente asisit\u00f3 a R\u00edo 2016, donde tuvo una marca de 1:21.24.<\/p>\n<p>Sin embargo, la participaci\u00f3n de Ever est\u00e1 en duda, ya que el Comit\u00e9 Ol\u00edmpico Internacional (COI) solo permite tres atletas por pa\u00eds en cada prueba individual. \u00abUn total de 1810 atletas competir\u00e1n en atletismo en Paris 2024, 905 mujeres y 905 hombres. Para las pruebas individuales, habr\u00e1 un m\u00e1ximo de tres atletas por CON (Comit\u00e9 Ol\u00edmpico Nacional) elegibles para clasificarse\u201d, menciona el COI<\/p>\n<p>Andr\u00e9s Olivas (1:19.55), Jos\u00e9 Luis Doctor (1:19.41) y Noel Chama (1:20:05) son los otros marchistas que dieron la marca requerida para ir a la justa ol\u00edmpica. De momento, no est\u00e1 definido qui\u00e9n de los tres y Ever Palma ir\u00e1 a Par\u00eds 2024.<\/p>\n<p>\u201cLos criterios son claros. Si hay m\u00e1s de tres, se inscribe a las tres mejores marcas\u201d, mencion\u00f3 Antonio Lozano, presidente de la Federaci\u00f3n Mexicana de Atletismo, cuestionado por Claro Sports. Sin embargo, todav\u00eda no se ha confirmado oficialmente c\u00f3mo ser\u00e1 el selectivo nacional.<\/p>\n","protected":false},"excerpt":{"rendered":"<p>Ever Palma consigui\u00f3 la marca requerida para asistir a los Juegos Ol\u00edmpicos de Par\u00eds 2024. Sin embargo, el michoacano podr\u00eda no asistir a la competencia de verano, debido a que otros tres atletas registraron la misma marca previamente. Dentro del 107\u00b0 Campeonato de Atletismo de Marcha realizado en Jap\u00f3n, Palma registr\u00f3 1:19.26, con lo que [&hellip;]<\/p>\n","protected":false},"author":1,"featured_media":31906,"comment_status":"open","ping_status":"closed","sticky":false,"template":"","format":"standard","meta":{"footnotes":""},"categories":[6],"tags":[],"class_list":["post-31904","post","type-post","status-publish","format-standard","has-post-thumbnail","hentry","category-deportes"],"_links":{"self":[{"href":"https:\/\/solidaridadnews.com\/index.php?rest_route=\/wp\/v2\/posts\/31904","targetHints":{"allow":["GET"]}}],"collection":[{"href":"https:\/\/solidaridadnews.com\/index.php?rest_route=\/wp\/v2\/posts"}],"about":[{"href":"https:\/\/solidaridadnews.com\/index.php?rest_route=\/wp\/v2\/types\/post"}],"author":[{"embeddable":true,"href":"https:\/\/solidaridadnews.com\/index.php?rest_route=\/wp\/v2\/users\/1"}],"replies":[{"embeddable":true,"href":"https:\/\/solidaridadnews.com\/index.php?rest_route=%2Fwp%2Fv2%2Fcomments&post=31904"}],"version-history":[{"count":1,"href":"https:\/\/solidaridadnews.com\/index.php?rest_route=\/wp\/v2\/posts\/31904\/revisions"}],"predecessor-version":[{"id":31905,"href":"https:\/\/solidaridadnews.com\/index.php?rest_route=\/wp\/v2\/posts\/31904\/revisions\/31905"}],"wp:featuredmedia":[{"embeddable":true,"href":"https:\/\/solidaridadnews.com\/index.php?rest_route=\/wp\/v2\/media\/31906"}],"wp:attachment":[{"href":"https:\/\/solidaridadnews.com\/index.php?rest_route=%2Fwp%2Fv2%2Fmedia&parent=31904"}],"wp:term":[{"taxonomy":"category","embeddable":true,"href":"https:\/\/solidaridadnews.com\/index.php?rest_route=%2Fwp%2Fv2%2Fcategories&post=31904"},{"taxonomy":"post_tag","embeddable":true,"href":"https:\/\/solidaridadnews.com\/index.php?rest_route=%2Fwp%2Fv2%2Ftags&post=31904"}],"curies":[{"name":"wp","href":"https:\/\/api.w.org\/{rel}","templated":true}]}}