{"id":31898,"date":"2024-02-17T13:12:46","date_gmt":"2024-02-17T18:12:46","guid":{"rendered":"https:\/\/solidaridadnews.com\/?p=31898"},"modified":"2024-02-17T18:12:48","modified_gmt":"2024-02-17T18:12:48","slug":"argentina-logra-su-primer-superavit-fiscal-mensual-en-mas-de-una-decada","status":"publish","type":"post","link":"https:\/\/solidaridadnews.com\/?p=31898","title":{"rendered":"Argentina logra su primer super\u00e1vit fiscal mensual en m\u00e1s de una d\u00e9cada"},"content":{"rendered":"<p>El gobierno argentino anunci\u00f3 el viernes por la noche que en enero alcanz\u00f3 un super\u00e1vit fiscal mensual por primera vez en casi 12 a\u00f1os, en medio de fuertes medidas de recorte del gasto impulsadas por el presidente Javier Milei.<\/p>\n<p>El primer mes completo de gobierno del ultraliberal Milei, que asumi\u00f3 en diciembre, se sald\u00f3 con un balance positivo para las finanzas el sector p\u00fablico argentino: el sobrante fue de unos 589 millones de d\u00f3lares al tipo de cambio oficial, producto de mayores ingresos que egresos.<\/p>\n<p>La cifra contempla el pago de intereses de la deuda p\u00fablica. Es el \u00abprimer super\u00e1vit financiero (mensual) desde agosto de 2012 y el primer super\u00e1vit financiero en un mes de enero desde 2011\u00bb, indic\u00f3 el Ministerio de Econom\u00eda, seg\u00fan la oficial agencia T\u00e9lam. El \u00abd\u00e9ficit cero no se negocia\u00bb, public\u00f3 en la red social X el ministro de Econom\u00eda, Luis Caputo, en un mensaje en el que cita a Milei, cuyo gobierno se comprometi\u00f3 con el FMI a alcanzar el equilibrio de las finanzas p\u00fablicas este a\u00f1o.<\/p>\n<p>\u00ab\u00a1Vaaaamooo Toto!\u00bb, replic\u00f3 Milei por la misma red social utilizando el sobrenombre de Caputo, para a\u00f1adir su lema de campa\u00f1a, que tambi\u00e9n se ha convertido en eslogan de su gobierno: \u00ab\u00a1Viva la libertad carajo!\u00bb.<\/p>\n<p>Argentina mantiene un acuerdo crediticio por 44 mil millones de d\u00f3lares con el Fondo Monetario y en ese marco el d\u00e9ficit fiscal cero es la principal meta de la gesti\u00f3n de Milei, economista que propugna un fuerte recorte del gasto p\u00fablico y la reducci\u00f3n de los pasivos del Estado camino a una dolarizaci\u00f3n de la econom\u00eda.<\/p>\n<p>Tras una devaluaci\u00f3n de 50% del peso, la liberaci\u00f3n de los precios y fuertes aumentos de tarifas, la inflaci\u00f3n de enero en Argentina alcanz\u00f3 el 20,6% y el incremento de precios a 12 meses fue de 254.2%. El a\u00f1o 2023, \u00faltimo de gobierno de Alberto Fern\u00e1ndez (centroizquierda), cerr\u00f3 con 211% de inflaci\u00f3n.<\/p>\n<p>La pobreza alcanza al 45% de la poblaci\u00f3n, seg\u00fan cifras oficiales. Milei prev\u00e9 un repunte de la econom\u00eda en unos tres meses.<\/p>\n<p>\u00abVas a hacer como una suerte de &#8216;V&#8217;, un primer tramo cayendo, con el momento m\u00e1s duro en torno a marzo-abril, que es cuando toc\u00e1s fondo y ah\u00ed empez\u00e1s a rebotar, y cuando abr\u00eds el cepo (restricciones al acceso a d\u00f3lares que se mantiene desde 2019), la econom\u00eda se dispara hacia adelante\u00bb, estim\u00f3.<\/p>\n","protected":false},"excerpt":{"rendered":"<p>El gobierno argentino anunci\u00f3 el viernes por la noche que en enero alcanz\u00f3 un super\u00e1vit fiscal mensual por primera vez en casi 12 a\u00f1os, en medio de fuertes medidas de recorte del gasto impulsadas por el presidente Javier Milei. El primer mes completo de gobierno del ultraliberal Milei, que asumi\u00f3 en diciembre, se sald\u00f3 con [&hellip;]<\/p>\n","protected":false},"author":1,"featured_media":31900,"comment_status":"open","ping_status":"closed","sticky":false,"template":"","format":"standard","meta":{"footnotes":""},"categories":[9],"tags":[],"class_list":["post-31898","post","type-post","status-publish","format-standard","has-post-thumbnail","hentry","category-internacional"],"_links":{"self":[{"href":"https:\/\/solidaridadnews.com\/index.php?rest_route=\/wp\/v2\/posts\/31898","targetHints":{"allow":["GET"]}}],"collection":[{"href":"https:\/\/solidaridadnews.com\/index.php?rest_route=\/wp\/v2\/posts"}],"about":[{"href":"https:\/\/solidaridadnews.com\/index.php?rest_route=\/wp\/v2\/types\/post"}],"author":[{"embeddable":true,"href":"https:\/\/solidaridadnews.com\/index.php?rest_route=\/wp\/v2\/users\/1"}],"replies":[{"embeddable":true,"href":"https:\/\/solidaridadnews.com\/index.php?rest_route=%2Fwp%2Fv2%2Fcomments&post=31898"}],"version-history":[{"count":1,"href":"https:\/\/solidaridadnews.com\/index.php?rest_route=\/wp\/v2\/posts\/31898\/revisions"}],"predecessor-version":[{"id":31899,"href":"https:\/\/solidaridadnews.com\/index.php?rest_route=\/wp\/v2\/posts\/31898\/revisions\/31899"}],"wp:featuredmedia":[{"embeddable":true,"href":"https:\/\/solidaridadnews.com\/index.php?rest_route=\/wp\/v2\/media\/31900"}],"wp:attachment":[{"href":"https:\/\/solidaridadnews.com\/index.php?rest_route=%2Fwp%2Fv2%2Fmedia&parent=31898"}],"wp:term":[{"taxonomy":"category","embeddable":true,"href":"https:\/\/solidaridadnews.com\/index.php?rest_route=%2Fwp%2Fv2%2Fcategories&post=31898"},{"taxonomy":"post_tag","embeddable":true,"href":"https:\/\/solidaridadnews.com\/index.php?rest_route=%2Fwp%2Fv2%2Ftags&post=31898"}],"curies":[{"name":"wp","href":"https:\/\/api.w.org\/{rel}","templated":true}]}}