{"id":31895,"date":"2024-02-17T12:34:59","date_gmt":"2024-02-17T17:34:59","guid":{"rendered":"https:\/\/solidaridadnews.com\/?p=31895"},"modified":"2024-02-17T17:35:01","modified_gmt":"2024-02-17T17:35:01","slug":"gael-garcia-bernal-presenta-en-la-berlinale-un-filme-profundo-y-sumamente-romantico","status":"publish","type":"post","link":"https:\/\/solidaridadnews.com\/?p=31895","title":{"rendered":"Gael Garc\u00eda Bernal presenta en la Berlinale un filme \u201cprofundo y sumamente rom\u00e1ntico\u201d"},"content":{"rendered":"<p>El actor mexicano Gael Garc\u00eda Bernal se declar\u00f3 \u201cfeliz\u201d de poder presentar en la Berlinale \u2018Another end\u2019, del realizador italiano Piero Messina, una pel\u00edcula que calific\u00f3 de \u201cprofunda y sumamente rom\u00e1ntica\u201c.<\/p>\n<p>La estrella conocida por cintas como \u2018Amores perros\u2019 o \u2018Babel\u2019 expres\u00f3 en Berl\u00edn su alegr\u00eda por trabajar con actrices \u201cmaravillosas\u201d como Renate Reinsve y B\u00e9r\u00e9nice Bejo, en la ficci\u00f3n respectivamente su difunta pareja y su hermana.<\/p>\n<p>\u201cEs una pel\u00edcula muy profunda y sumamente rom\u00e1ntica, porque creo que hay pocas pel\u00edculas tan rom\u00e1nticas hoy en d\u00eda\u201d, destac\u00f3, para bromear despu\u00e9s que estaba \u201chablando como un viejo\u201d.<\/p>\n<p>En un futuro dist\u00f3pico, Garc\u00eda Bernal interpreta a Sal, un hombre incapaz de superar la p\u00e9rdida de su novia y al que su hermana empuja a hacer uso de nueva tecnolog\u00eda que permite reencarnar los recuerdos de los difuntos en el cuerpo de otra persona por un tiempo limitado para decirles adi\u00f3s.<\/p>\n<p>La cinta \u201cpondera preguntas filos\u00f3ficas muy importantes\u201d, se\u00f1al\u00f3 el actor mexicano, que reflexion\u00f3 sobre la divisi\u00f3n entre cuerpo y alma y las oportunidades que abren las nuevas tecnolog\u00edas.<\/p>\n<p>\u201cEn la cultura occidental pensamos que el cuerpo no es la persona, que es por as\u00ed decir una vasija desechable, pero la pel\u00edcula desaf\u00eda esta idea de una forma muy sensorial e instintiva\u201d, coment\u00f3 Garc\u00eda Bernal, quien agreg\u00f3 que la \u201ccomplejidad biol\u00f3gica\u201d del cuerpo es parte de la vida.<\/p>\n<p>Garc\u00eda Bernal se\u00f1al\u00f3 adem\u00e1s las tecnolog\u00edas ya existentes hacen, hasta cierto punto, algo similar a las de la pel\u00edcula, puesto que las fotograf\u00edas registran recuerdos, aunque quiz\u00e1 no la interpretaci\u00f3n que se hace de ellos.<\/p>\n<p>En cualquier caso, remach\u00f3 sin dudarlo, en la vida real no tomar\u00eda la decisi\u00f3n de traer de vuelta en otro cuerpo a la personalidad de un ser querido.<\/p>\n<p>\u2018Another end\u2019 se proyecta hoy en la Berlinale en la categor\u00eda de competici\u00f3n, junto con otros filmes que tambi\u00e9n optan al Oso de Oro como la alemana \u2018With love, from Hilde\u2019 y la francesa \u2018L\u2019empire\u2019.<\/p>\n<p>&nbsp;<\/p>\n","protected":false},"excerpt":{"rendered":"<p>El actor mexicano Gael Garc\u00eda Bernal se declar\u00f3 \u201cfeliz\u201d de poder presentar en la Berlinale \u2018Another end\u2019, del realizador italiano Piero Messina, una pel\u00edcula que calific\u00f3 de \u201cprofunda y sumamente rom\u00e1ntica\u201c. La estrella conocida por cintas como \u2018Amores perros\u2019 o \u2018Babel\u2019 expres\u00f3 en Berl\u00edn su alegr\u00eda por trabajar con actrices \u201cmaravillosas\u201d como Renate Reinsve y [&hellip;]<\/p>\n","protected":false},"author":1,"featured_media":31897,"comment_status":"open","ping_status":"closed","sticky":false,"template":"","format":"standard","meta":{"footnotes":""},"categories":[3],"tags":[],"class_list":["post-31895","post","type-post","status-publish","format-standard","has-post-thumbnail","hentry","category-espectaculos"],"_links":{"self":[{"href":"https:\/\/solidaridadnews.com\/index.php?rest_route=\/wp\/v2\/posts\/31895","targetHints":{"allow":["GET"]}}],"collection":[{"href":"https:\/\/solidaridadnews.com\/index.php?rest_route=\/wp\/v2\/posts"}],"about":[{"href":"https:\/\/solidaridadnews.com\/index.php?rest_route=\/wp\/v2\/types\/post"}],"author":[{"embeddable":true,"href":"https:\/\/solidaridadnews.com\/index.php?rest_route=\/wp\/v2\/users\/1"}],"replies":[{"embeddable":true,"href":"https:\/\/solidaridadnews.com\/index.php?rest_route=%2Fwp%2Fv2%2Fcomments&post=31895"}],"version-history":[{"count":1,"href":"https:\/\/solidaridadnews.com\/index.php?rest_route=\/wp\/v2\/posts\/31895\/revisions"}],"predecessor-version":[{"id":31896,"href":"https:\/\/solidaridadnews.com\/index.php?rest_route=\/wp\/v2\/posts\/31895\/revisions\/31896"}],"wp:featuredmedia":[{"embeddable":true,"href":"https:\/\/solidaridadnews.com\/index.php?rest_route=\/wp\/v2\/media\/31897"}],"wp:attachment":[{"href":"https:\/\/solidaridadnews.com\/index.php?rest_route=%2Fwp%2Fv2%2Fmedia&parent=31895"}],"wp:term":[{"taxonomy":"category","embeddable":true,"href":"https:\/\/solidaridadnews.com\/index.php?rest_route=%2Fwp%2Fv2%2Fcategories&post=31895"},{"taxonomy":"post_tag","embeddable":true,"href":"https:\/\/solidaridadnews.com\/index.php?rest_route=%2Fwp%2Fv2%2Ftags&post=31895"}],"curies":[{"name":"wp","href":"https:\/\/api.w.org\/{rel}","templated":true}]}}