{"id":31892,"date":"2024-02-17T10:29:35","date_gmt":"2024-02-17T15:29:35","guid":{"rendered":"https:\/\/solidaridadnews.com\/?p=31892"},"modified":"2024-02-17T15:29:36","modified_gmt":"2024-02-17T15:29:36","slug":"concluye-imss-obras-de-remodelacion-en-el-hospital-general-no-2-en-tabasco","status":"publish","type":"post","link":"https:\/\/solidaridadnews.com\/?p=31892","title":{"rendered":"Concluye IMSS obras de remodelaci\u00f3n en el Hospital General No. 2 en Tabasco"},"content":{"rendered":"<p>El director general del IMSS, Zo\u00e9 Robledo Aburto, y el gobernador de Tabasco, Carlos Manuel Merino Campos, recorrieron el Hospital General de Zona No. 2-A denominado, donde se destinaron 877 millones 893 mil pesos en obras de ampliaci\u00f3n e iniciar\u00e1 operaciones en marzo de este a\u00f1o, en beneficio de m\u00e1s de 231 mil derechohabientes.<\/p>\n<p>Dicho espacio fue denominado como \u2018hospital ligero\u2019, por su sistema de construcci\u00f3n que permiti\u00f3 concluir en 135 d\u00edas y cuenta con 87 camas.<\/p>\n<p>Tambi\u00e9n visitaron el Hospital General de C\u00e1rdenas de 90 camas, cuya inversi\u00f3n es de 669 millones de pesos y se estima concluir para agosto de este a\u00f1o.<\/p>\n<p>Durante el recorrido, Robledo Aburto, asegur\u00f3 que en el pa\u00eds se implementa un modelo de atenci\u00f3n m\u00e9dica integral, con capacidad preventiva, hospitalaria y atenci\u00f3n quir\u00fargica.<\/p>\n<p>A\u00f1adi\u00f3 que este a\u00f1o inici\u00f3 el Programa Nacional de Sustituci\u00f3n de Equipo de Quir\u00f3fanos, \u201cya no solo la rehabilitaci\u00f3n, sino la sustituci\u00f3n de l\u00e1mparas, mesas quir\u00fargicas, todo lo que va a facilitar disminuir el diferimiento en materia quir\u00fargica\u201d.<\/p>\n<p>Adem\u00e1s, asegur\u00f3 que este a\u00f1o se har\u00e1 una inversi\u00f3n importante en los laboratorios de anatom\u00eda patol\u00f3gica de todo el pa\u00eds, as\u00ed como en radioterapia; adem\u00e1s, vienen momentos importantes como el draft del IMSS a finales de mes, con el que se dispondr\u00e1n 59 plazas de m\u00e9dicos especialistas.<\/p>\n<p>El director general del Seguro Social agradeci\u00f3 al gobernador de Tabasco, Carlos Manuel Merino Campos, por ser un gran aliado en el proceso para tener una sola instituci\u00f3n de salud.<\/p>\n<p>Por otra parte, Zo\u00e9 Robledo se\u00f1al\u00f3 que este estado fue el \u00fanico que nunca disminuy\u00f3 el n\u00famero de empleos incorporados al Instituto durante la pandemia, pas\u00f3 de 165 mil trabajadores a 234 mil, un incremento del 41 por ciento.<\/p>\n<p>\u201cContando a los beneficiarios y a toda la derechohabiencia pasamos de 684 mil a 824 mil personas. El crecimiento poblacional no pasa del 4 por ciento y ya en lugares donde est\u00e1 creciendo bastante. Tenemos tasas altas, la poblaci\u00f3n del IMSS se incrementa no de manera natural, es producto de fen\u00f3menos econ\u00f3micos. Entonces esto siempre nos va a seguir impactando en el n\u00famero de camas, por eso ten\u00edamos que crecer tanto\u201d, a\u00f1adi\u00f3.<\/p>\n","protected":false},"excerpt":{"rendered":"<p>El director general del IMSS, Zo\u00e9 Robledo Aburto, y el gobernador de Tabasco, Carlos Manuel Merino Campos, recorrieron el Hospital General de Zona No. 2-A denominado, donde se destinaron 877 millones 893 mil pesos en obras de ampliaci\u00f3n e iniciar\u00e1 operaciones en marzo de este a\u00f1o, en beneficio de m\u00e1s de 231 mil derechohabientes. Dicho [&hellip;]<\/p>\n","protected":false},"author":1,"featured_media":31894,"comment_status":"open","ping_status":"closed","sticky":false,"template":"","format":"standard","meta":{"footnotes":""},"categories":[2],"tags":[],"class_list":["post-31892","post","type-post","status-publish","format-standard","has-post-thumbnail","hentry","category-nacional"],"_links":{"self":[{"href":"https:\/\/solidaridadnews.com\/index.php?rest_route=\/wp\/v2\/posts\/31892","targetHints":{"allow":["GET"]}}],"collection":[{"href":"https:\/\/solidaridadnews.com\/index.php?rest_route=\/wp\/v2\/posts"}],"about":[{"href":"https:\/\/solidaridadnews.com\/index.php?rest_route=\/wp\/v2\/types\/post"}],"author":[{"embeddable":true,"href":"https:\/\/solidaridadnews.com\/index.php?rest_route=\/wp\/v2\/users\/1"}],"replies":[{"embeddable":true,"href":"https:\/\/solidaridadnews.com\/index.php?rest_route=%2Fwp%2Fv2%2Fcomments&post=31892"}],"version-history":[{"count":1,"href":"https:\/\/solidaridadnews.com\/index.php?rest_route=\/wp\/v2\/posts\/31892\/revisions"}],"predecessor-version":[{"id":31893,"href":"https:\/\/solidaridadnews.com\/index.php?rest_route=\/wp\/v2\/posts\/31892\/revisions\/31893"}],"wp:featuredmedia":[{"embeddable":true,"href":"https:\/\/solidaridadnews.com\/index.php?rest_route=\/wp\/v2\/media\/31894"}],"wp:attachment":[{"href":"https:\/\/solidaridadnews.com\/index.php?rest_route=%2Fwp%2Fv2%2Fmedia&parent=31892"}],"wp:term":[{"taxonomy":"category","embeddable":true,"href":"https:\/\/solidaridadnews.com\/index.php?rest_route=%2Fwp%2Fv2%2Fcategories&post=31892"},{"taxonomy":"post_tag","embeddable":true,"href":"https:\/\/solidaridadnews.com\/index.php?rest_route=%2Fwp%2Fv2%2Ftags&post=31892"}],"curies":[{"name":"wp","href":"https:\/\/api.w.org\/{rel}","templated":true}]}}