{"id":31889,"date":"2024-02-17T08:46:37","date_gmt":"2024-02-17T13:46:37","guid":{"rendered":"https:\/\/solidaridadnews.com\/?p=31889"},"modified":"2024-02-17T13:46:38","modified_gmt":"2024-02-17T13:46:38","slug":"scarlett-camberos-causa-baja-de-la-seleccion-mexicana-previo-a-copa-oro","status":"publish","type":"post","link":"https:\/\/solidaridadnews.com\/?p=31889","title":{"rendered":"Scarlett Camberos causa baja de la Selecci\u00f3n Mexicana previo a Copa Oro"},"content":{"rendered":"<p>Baja sensible para la Selecci\u00f3n Mexicana Femenil, que no contar\u00e1 con Scarlett Camberos para la presentaci\u00f3n del equipo nacional en la Copa Oro Femenina de la Concacaf. La delantera hab\u00eda reportado a la concentraci\u00f3n del Tricolor, pero caus\u00f3 baja por lesi\u00f3n.<\/p>\n<p>\u00abScarlett Camberos ser\u00e1 baja de la Copa Oro W debido a un desgarre en el b\u00edcep femoral izquierdo\u00bb, inform\u00f3 por medio de un comunicado el combinado azteca, que se\u00f1al\u00f3 que la atacante no permanecer\u00e1 en la concentraci\u00f3n y regresar\u00e1 al Angel City FC para trabajar en su recuperaci\u00f3n. \u00ab\u00a1Mucha fuerza, Scar, estamos contigo!\u00bb.<\/p>\n<p>Mayra Pelayo, jugadora de Xolas de Tijuana en la Liga MX Femenil, tomar\u00e1 el lugar de Scarlett en la convocatoria de Pedro L\u00f3pez. La mediocampista ha disputado 7 partidos, cuatro como titular, en lo que va del Clausura 2024, con dos goles anotados: ante Atlas y Atl\u00e9tico San Luis.<\/p>\n<p>La Copa Oro Femenina ser\u00e1 el principal reto este 2024 para la Selecci\u00f3n Mexicana, que no clasific\u00f3 a los Juegos Ol\u00edmpicos de Par\u00eds y no tendr\u00e1 un compromiso de mayor calibre en verano. En cuanto al torneo de la Concacaf, el Tri debutar\u00e1 contra Argentina el pr\u00f3ximo martes 20 de febrero.<\/p>\n<p>El viernes 23 se medir\u00e1 contra un rival por definir, luego que el repechaje del certamen se juegue este fin de semana. El \u00faltimo compromiso de M\u00e9xico en la fase de grupos ser\u00e1 contra Estados Unidos, el lunes 26, y que podr\u00eda definir al l\u00edder del grupo.<\/p>\n","protected":false},"excerpt":{"rendered":"<p>Baja sensible para la Selecci\u00f3n Mexicana Femenil, que no contar\u00e1 con Scarlett Camberos para la presentaci\u00f3n del equipo nacional en la Copa Oro Femenina de la Concacaf. La delantera hab\u00eda reportado a la concentraci\u00f3n del Tricolor, pero caus\u00f3 baja por lesi\u00f3n. \u00abScarlett Camberos ser\u00e1 baja de la Copa Oro W debido a un desgarre en [&hellip;]<\/p>\n","protected":false},"author":1,"featured_media":31891,"comment_status":"open","ping_status":"closed","sticky":false,"template":"","format":"standard","meta":{"footnotes":""},"categories":[6],"tags":[],"class_list":["post-31889","post","type-post","status-publish","format-standard","has-post-thumbnail","hentry","category-deportes"],"_links":{"self":[{"href":"https:\/\/solidaridadnews.com\/index.php?rest_route=\/wp\/v2\/posts\/31889","targetHints":{"allow":["GET"]}}],"collection":[{"href":"https:\/\/solidaridadnews.com\/index.php?rest_route=\/wp\/v2\/posts"}],"about":[{"href":"https:\/\/solidaridadnews.com\/index.php?rest_route=\/wp\/v2\/types\/post"}],"author":[{"embeddable":true,"href":"https:\/\/solidaridadnews.com\/index.php?rest_route=\/wp\/v2\/users\/1"}],"replies":[{"embeddable":true,"href":"https:\/\/solidaridadnews.com\/index.php?rest_route=%2Fwp%2Fv2%2Fcomments&post=31889"}],"version-history":[{"count":1,"href":"https:\/\/solidaridadnews.com\/index.php?rest_route=\/wp\/v2\/posts\/31889\/revisions"}],"predecessor-version":[{"id":31890,"href":"https:\/\/solidaridadnews.com\/index.php?rest_route=\/wp\/v2\/posts\/31889\/revisions\/31890"}],"wp:featuredmedia":[{"embeddable":true,"href":"https:\/\/solidaridadnews.com\/index.php?rest_route=\/wp\/v2\/media\/31891"}],"wp:attachment":[{"href":"https:\/\/solidaridadnews.com\/index.php?rest_route=%2Fwp%2Fv2%2Fmedia&parent=31889"}],"wp:term":[{"taxonomy":"category","embeddable":true,"href":"https:\/\/solidaridadnews.com\/index.php?rest_route=%2Fwp%2Fv2%2Fcategories&post=31889"},{"taxonomy":"post_tag","embeddable":true,"href":"https:\/\/solidaridadnews.com\/index.php?rest_route=%2Fwp%2Fv2%2Ftags&post=31889"}],"curies":[{"name":"wp","href":"https:\/\/api.w.org\/{rel}","templated":true}]}}