{"id":31853,"date":"2024-02-14T10:43:27","date_gmt":"2024-02-14T15:43:27","guid":{"rendered":"https:\/\/solidaridadnews.com\/?p=31853"},"modified":"2024-02-14T15:43:29","modified_gmt":"2024-02-14T15:43:29","slug":"alexis-ayala-y-cinthia-aparicio-viven-amor-de-telenovela","status":"publish","type":"post","link":"https:\/\/solidaridadnews.com\/?p=31853","title":{"rendered":"Alexis Ayala y Cinthia Aparicio viven amor de telenovela"},"content":{"rendered":"<p>La pareja que conforman Cinthia Aparicio y Alexis Ayala bien podr\u00eda haber sido escrita por un guionista de telenovelas.<\/p>\n<p>Para ambos no ha sido un problema la diferencia de edad \u2014ella tiene 31 y \u00e9l 58\u2014; mucho menos, el pasado amoroso del actor, que lo ha llevado a contraer nupcias en tres ocasiones. Al final, siguen confiando en el amor.<\/p>\n<p>\u201cYo siempre busqu\u00e9 a alguien que despertara mi admiraci\u00f3n, porque si lo admiras quieres estar con esa persona, quieres aprender de \u00e9l. S\u00ed, es mi pr\u00edncipe azul de telenovela\u201d, dice Cinthia sonriente.<\/p>\n<p>El encuentro se dio durante las grabaciones de la telenovela Si nos dejan (2021), pero el flechazo ocurri\u00f3 durante una fiesta que Alexis organiz\u00f3 para la producci\u00f3n, lo que dio pie a una cena y, desde entonces, han sido inseparables.<\/p>\n<p>\u201cMe gust\u00f3 mucho su manera de ser, su seguridad, que es un hombre hecho y derecho, con experiencia, respetuoso, educado&#8230; son virtudes que buscaba\u201d, agrega.<\/p>\n<p>Tras iniciar un noviazgo con Cinthia fue que, en un viaje muy rom\u00e1ntico a Par\u00eds, Alexis le dio la sortija de compromiso.<\/p>\n<p>\u201cElla no es el amor de mi vida, es el amor \u2018en\u2019 mi vida. No decides en un d\u00eda si una persona va a ser tu compa\u00f1era, eso depende de encontrar las cosas en com\u00fan y las que no, por eso yo me elijo con ella, a m\u00ed me gusta mucho decir que ella no es mi esposa, yo soy su esposo\u201d, expresa Ayala.<\/p>\n<p>Una de las cosas que les ha funcionado es saber separar lo profesional de su vida personal; Cinthia explica que su esposo no es Alexis Ayala, la figura p\u00fablica, sino David (primer nombre del actor): \u201cMe encanta c\u00f3mo trata a su mam\u00e1, eso habla mucho de \u00e9l\u201d.<\/p>\n<p>Alexis comenta que hasta el momento no han tenido problemas en la convivencia diaria y, si surge algo, siempre tratan de negociar, incluso se dividen las labores del hogar; eso s\u00ed, Alexis tiene prohibido entrar a la cocina, porque ese es terreno de Cinthia.<\/p>\n<p>Aunque procuran siempre tener detalles, esta vez no tienen plan para el 14 de febrero, ya que \u00e9l est\u00e1 en grabaciones de la telenovela Juana, la virgen.<\/p>\n<p>\u201cPero no importa d\u00f3nde est\u00e9s, sino con la persona que est\u00e1s\u201d, asegura Aparicio.<\/p>\n","protected":false},"excerpt":{"rendered":"<p>La pareja que conforman Cinthia Aparicio y Alexis Ayala bien podr\u00eda haber sido escrita por un guionista de telenovelas. Para ambos no ha sido un problema la diferencia de edad \u2014ella tiene 31 y \u00e9l 58\u2014; mucho menos, el pasado amoroso del actor, que lo ha llevado a contraer nupcias en tres ocasiones. Al final, [&hellip;]<\/p>\n","protected":false},"author":1,"featured_media":31855,"comment_status":"open","ping_status":"closed","sticky":false,"template":"","format":"standard","meta":{"footnotes":""},"categories":[3],"tags":[],"class_list":["post-31853","post","type-post","status-publish","format-standard","has-post-thumbnail","hentry","category-espectaculos"],"_links":{"self":[{"href":"https:\/\/solidaridadnews.com\/index.php?rest_route=\/wp\/v2\/posts\/31853","targetHints":{"allow":["GET"]}}],"collection":[{"href":"https:\/\/solidaridadnews.com\/index.php?rest_route=\/wp\/v2\/posts"}],"about":[{"href":"https:\/\/solidaridadnews.com\/index.php?rest_route=\/wp\/v2\/types\/post"}],"author":[{"embeddable":true,"href":"https:\/\/solidaridadnews.com\/index.php?rest_route=\/wp\/v2\/users\/1"}],"replies":[{"embeddable":true,"href":"https:\/\/solidaridadnews.com\/index.php?rest_route=%2Fwp%2Fv2%2Fcomments&post=31853"}],"version-history":[{"count":1,"href":"https:\/\/solidaridadnews.com\/index.php?rest_route=\/wp\/v2\/posts\/31853\/revisions"}],"predecessor-version":[{"id":31854,"href":"https:\/\/solidaridadnews.com\/index.php?rest_route=\/wp\/v2\/posts\/31853\/revisions\/31854"}],"wp:featuredmedia":[{"embeddable":true,"href":"https:\/\/solidaridadnews.com\/index.php?rest_route=\/wp\/v2\/media\/31855"}],"wp:attachment":[{"href":"https:\/\/solidaridadnews.com\/index.php?rest_route=%2Fwp%2Fv2%2Fmedia&parent=31853"}],"wp:term":[{"taxonomy":"category","embeddable":true,"href":"https:\/\/solidaridadnews.com\/index.php?rest_route=%2Fwp%2Fv2%2Fcategories&post=31853"},{"taxonomy":"post_tag","embeddable":true,"href":"https:\/\/solidaridadnews.com\/index.php?rest_route=%2Fwp%2Fv2%2Ftags&post=31853"}],"curies":[{"name":"wp","href":"https:\/\/api.w.org\/{rel}","templated":true}]}}