{"id":31847,"date":"2024-02-14T09:18:25","date_gmt":"2024-02-14T14:18:25","guid":{"rendered":"https:\/\/solidaridadnews.com\/?p=31847"},"modified":"2024-02-14T14:18:27","modified_gmt":"2024-02-14T14:18:27","slug":"mercedes-vuelve-a-su-tradicional-plateado-con-el-w15","status":"publish","type":"post","link":"https:\/\/solidaridadnews.com\/?p=31847","title":{"rendered":"Mercedes vuelve a su tradicional plateado con el W15"},"content":{"rendered":"<p>El equipo Mercedes AMG Petronas de F\u00f3rmula 1 present\u00f3 el W15, el nuevo monoplaza para la temporada 2024, con la principal novedad del regreso del color plateado a la carrocer\u00eda de un coche que evoluciona la versi\u00f3n del a\u00f1o pasado, en la que ser\u00e1 la \u00faltima campa\u00f1a del brit\u00e1nico Lewis Hamilton con la escuder\u00eda alemana.<\/p>\n<p>&nbsp;<\/p>\n<p>En un evento online, Mercedes desvel\u00f3 su prototipo para el test de pretemporada de Bahr\u00e9in, del 21 al 23 de febrero, aunque este mismo mi\u00e9rcoles ya lo podr\u00e1n rodar Hamilton y su compa\u00f1ero, George Russell. Ambos deber\u00e1n reaccionar al nuevo chasis y la nueva carcasa de caja de cambios del W15, en la \u00abb\u00fasqueda interminable de encontrar m\u00e1s carga aerodin\u00e1mica con menos resistencia\u00bb de las &#8216;Flechas Plateadas&#8217;.<\/p>\n<p>Auto W15 de Mercedes<br \/>\n\u00abSe ha centrado gran parte de la atenci\u00f3n en mejorar el impredecible eje trasero del coche anterior\u00bb, dijo el director t\u00e9cnico, James Allison. \u00abHemos trabajado duro para garantizar que ambos ejes, pero especialmente el eje trasero, mantengan un mejor control del neum\u00e1tico que en el W14. Tambi\u00e9n se han realizado tareas de limpieza en \u00e1reas con margen de mejora, incluido el DRS y el rendimiento de las paradas en boxes\u00bb, agreg\u00f3.<\/p>\n<p>Desde Mercedes est\u00e1n \u00abmuy interesados\u00bb en proporcionar a Hamilton, en su \u00faltimo a\u00f1o antes de &#8216;mudarse&#8217; a Ferrari, un monoplaza \u00abrealmente r\u00e1pido\u00bb. \u00abNo recuerdo tanto inter\u00e9s en arrancar el coche, encenderlo, y ver c\u00f3mo es. Es un coche muy diferente, sobre todo por debajo, hay tantos cambios mec\u00e1nicos que esperamos que se traduzcan en m\u00e1s rendimiento, un coche que los pilotos realmente puedan empujar\u00bb, dese\u00f3 el jefe de equipo, Toto Wolff.<\/p>\n<p>Despu\u00e9s de que el a\u00f1o pasado sorprendieran con un W14 con el negro como protagonista, y muchas zonas descubiertas en fibra de carbono en busca de menor peso, Mercedes ha conseguido rebajar este aspecto para regresar al plateado caracter\u00edstico. Adem\u00e1s, siguen los tonos oscuros, el verde azulado de Petronas y el rojo en la zona alta.<\/p>\n<p>Quiz\u00e1 sea para olvidar un 2023 en el que se equivocaron \u00abcon el nuevo reglamento\u00bb, mientras \u00abotro equipo y otro piloto ganaban la mayor\u00eda de las carreras\u00bb. \u00abNuestro objetivo es consolidarnos por delante de Ferrari y McLaren, a veces frente a Aston Martin, y estar en la parte delantera de ese grupo\u00bb, marc\u00f3 Wolff.<\/p>\n<p>\u00abAl mismo tiempo, intentamos correr delante, ese es nuestro objetivo, y estamos decididos a hacerlo, pero sabemos lo dif\u00edcil que es porque est\u00e1s un paso por detr\u00e1s de tu principal competidor, que lo ha hecho bien desde el principio. Pero nos encanta el reto. Sabemos que tenemos una monta\u00f1a que escalar para luchar en el frente. No hay milagros en este deporte\u00bb, dijo.<\/p>\n<p>Por su parte, los pilotos se mostraron durante el lanzamiento muy entusiasmados con el nuevo monoplaza. Especialmente, un Hamilton que hablaba por primera vez tras su fichaje por Ferrari para 2025. \u00abLlegu\u00e9 aqu\u00ed en 2013, as\u00ed que llevo 11 a\u00f1os con el equipo y empiezo mi duod\u00e9cimo. Es un privilegio trabajar con un grupo en el que ves el trabajo que hacen durante el invierno\u00bb, coment\u00f3.<\/p>\n<p>\u00abEl enfoque durante todo el entrenamiento de invierno es, en primer lugar, conseguir que el equipo vuelva a donde estuvimos, despu\u00e9s de dos a\u00f1os dif\u00edciles, aunque creo que ha sido realmente una base para nosotros, nos ha ayudado a reagruparnos\u00bb, expres\u00f3 el siete veces campe\u00f3n del mundo.<\/p>\n<p>Mientras, Russell reconoci\u00f3 que han aprendido \u00abmucho en los \u00faltimos dos a\u00f1os con estas nuevas regulaciones\u00bb. \u00abEmpezamos en 2022 y el coche no funcionaba como esper\u00e1bamos. Tenemos un equipo incre\u00edble en Brackley y Bricksworth, con campeones, pero tambi\u00e9n hay mucha gente nueva que est\u00e1 muy motivada para llevar a Mercedes de nuevo a lo m\u00e1s alto y creo que esa combinaci\u00f3n trae este fuego dentro\u00bb, zanj\u00f3.<\/p>\n","protected":false},"excerpt":{"rendered":"<p>El equipo Mercedes AMG Petronas de F\u00f3rmula 1 present\u00f3 el W15, el nuevo monoplaza para la temporada 2024, con la principal novedad del regreso del color plateado a la carrocer\u00eda de un coche que evoluciona la versi\u00f3n del a\u00f1o pasado, en la que ser\u00e1 la \u00faltima campa\u00f1a del brit\u00e1nico Lewis Hamilton con la escuder\u00eda alemana. [&hellip;]<\/p>\n","protected":false},"author":1,"featured_media":31849,"comment_status":"open","ping_status":"closed","sticky":false,"template":"","format":"standard","meta":{"footnotes":""},"categories":[6],"tags":[],"class_list":["post-31847","post","type-post","status-publish","format-standard","has-post-thumbnail","hentry","category-deportes"],"_links":{"self":[{"href":"https:\/\/solidaridadnews.com\/index.php?rest_route=\/wp\/v2\/posts\/31847","targetHints":{"allow":["GET"]}}],"collection":[{"href":"https:\/\/solidaridadnews.com\/index.php?rest_route=\/wp\/v2\/posts"}],"about":[{"href":"https:\/\/solidaridadnews.com\/index.php?rest_route=\/wp\/v2\/types\/post"}],"author":[{"embeddable":true,"href":"https:\/\/solidaridadnews.com\/index.php?rest_route=\/wp\/v2\/users\/1"}],"replies":[{"embeddable":true,"href":"https:\/\/solidaridadnews.com\/index.php?rest_route=%2Fwp%2Fv2%2Fcomments&post=31847"}],"version-history":[{"count":1,"href":"https:\/\/solidaridadnews.com\/index.php?rest_route=\/wp\/v2\/posts\/31847\/revisions"}],"predecessor-version":[{"id":31848,"href":"https:\/\/solidaridadnews.com\/index.php?rest_route=\/wp\/v2\/posts\/31847\/revisions\/31848"}],"wp:featuredmedia":[{"embeddable":true,"href":"https:\/\/solidaridadnews.com\/index.php?rest_route=\/wp\/v2\/media\/31849"}],"wp:attachment":[{"href":"https:\/\/solidaridadnews.com\/index.php?rest_route=%2Fwp%2Fv2%2Fmedia&parent=31847"}],"wp:term":[{"taxonomy":"category","embeddable":true,"href":"https:\/\/solidaridadnews.com\/index.php?rest_route=%2Fwp%2Fv2%2Fcategories&post=31847"},{"taxonomy":"post_tag","embeddable":true,"href":"https:\/\/solidaridadnews.com\/index.php?rest_route=%2Fwp%2Fv2%2Ftags&post=31847"}],"curies":[{"name":"wp","href":"https:\/\/api.w.org\/{rel}","templated":true}]}}