{"id":31832,"date":"2024-02-13T08:31:32","date_gmt":"2024-02-13T13:31:32","guid":{"rendered":"https:\/\/solidaridadnews.com\/?p=31832"},"modified":"2024-02-13T13:31:34","modified_gmt":"2024-02-13T13:31:34","slug":"alexis-vega-hablo-sobre-la-indisciplina-con-chivas-todo-lo-que-se-dijo-era-mentira","status":"publish","type":"post","link":"https:\/\/solidaridadnews.com\/?p=31832","title":{"rendered":"Alexis Vega habl\u00f3 sobre la indisciplina con Chivas: &#8216;Todo lo que se dijo era mentira&#8217;"},"content":{"rendered":"<p>Alexis Vega finalmente rompi\u00f3 el silenci\u00f3 tras la pol\u00e9mica que lo llev\u00f3 a dejar Chivas. El futbolista termin\u00f3 dejando al Reba\u00f1o Sagrado tras cinco a\u00f1os con el equipo, sin embargo, de acuerdo con Vega, la situaci\u00f3n no fue tan grave como se hab\u00eda dado a conocer.<\/p>\n<p>Vega y Cristian \u2018Chicote\u2019 Calder\u00f3n fueron separados del equipo a media temporada despu\u00e9s de haber roto una de las concentraciones del equipo, teniendo una fiesta en el hotel junto con otras personas.<\/p>\n<p>Ahora durante una entrevista con su compa\u00f1ero, Jes\u00fas Angulo, el exseleccionado mexicano asegur\u00f3 que la situaci\u00f3n no fue tan grave como se hab\u00eda dado a conocer previamente, sin embargo, no dio m\u00e1s informaci\u00f3n de la situaci\u00f3n.<\/p>\n<p>\u00abLa gente se cree todo lo que ve en las redes sociales. Solamente yo y los que separaron del equipo sabemos qu\u00e9 fue lo que pas\u00f3. No fue nada de lo que pusieron en redes sociales. Hablamos con Chivas sobre lo que pas\u00f3, todo lo que se dijo era mentira. Yo lo platiqu\u00e9 con mi familia para hacerles saber que nada de eso era cierto. Fue algo mucho m\u00e1s tranqui de lo que se habl\u00f3\u00bb, dijo Alexis Vega en el podcast de &#8216;Canelo&#8217; Angulo.<\/p>\n<p>Adem\u00e1s de su salida de Chivas, el delantero habl\u00f3 sobre la elecci\u00f3n de regresar a Toluca, revelando que tuvo algunas opciones, pero la afici\u00f3n de los Diablos Rojos lo termin\u00f3 convenciendo: \u201cSali\u00f3 otra oferta de un club en M\u00e9xico; incluso una de la MLS, pero yo nunca pens\u00e9 salir de M\u00e9xico. La afici\u00f3n del Toluca me arrop\u00f3 desde el primer d\u00eda\u00bb.<\/p>\n","protected":false},"excerpt":{"rendered":"<p>Alexis Vega finalmente rompi\u00f3 el silenci\u00f3 tras la pol\u00e9mica que lo llev\u00f3 a dejar Chivas. El futbolista termin\u00f3 dejando al Reba\u00f1o Sagrado tras cinco a\u00f1os con el equipo, sin embargo, de acuerdo con Vega, la situaci\u00f3n no fue tan grave como se hab\u00eda dado a conocer. Vega y Cristian \u2018Chicote\u2019 Calder\u00f3n fueron separados del equipo [&hellip;]<\/p>\n","protected":false},"author":1,"featured_media":31834,"comment_status":"open","ping_status":"closed","sticky":false,"template":"","format":"standard","meta":{"footnotes":""},"categories":[6],"tags":[],"class_list":["post-31832","post","type-post","status-publish","format-standard","has-post-thumbnail","hentry","category-deportes"],"_links":{"self":[{"href":"https:\/\/solidaridadnews.com\/index.php?rest_route=\/wp\/v2\/posts\/31832","targetHints":{"allow":["GET"]}}],"collection":[{"href":"https:\/\/solidaridadnews.com\/index.php?rest_route=\/wp\/v2\/posts"}],"about":[{"href":"https:\/\/solidaridadnews.com\/index.php?rest_route=\/wp\/v2\/types\/post"}],"author":[{"embeddable":true,"href":"https:\/\/solidaridadnews.com\/index.php?rest_route=\/wp\/v2\/users\/1"}],"replies":[{"embeddable":true,"href":"https:\/\/solidaridadnews.com\/index.php?rest_route=%2Fwp%2Fv2%2Fcomments&post=31832"}],"version-history":[{"count":1,"href":"https:\/\/solidaridadnews.com\/index.php?rest_route=\/wp\/v2\/posts\/31832\/revisions"}],"predecessor-version":[{"id":31833,"href":"https:\/\/solidaridadnews.com\/index.php?rest_route=\/wp\/v2\/posts\/31832\/revisions\/31833"}],"wp:featuredmedia":[{"embeddable":true,"href":"https:\/\/solidaridadnews.com\/index.php?rest_route=\/wp\/v2\/media\/31834"}],"wp:attachment":[{"href":"https:\/\/solidaridadnews.com\/index.php?rest_route=%2Fwp%2Fv2%2Fmedia&parent=31832"}],"wp:term":[{"taxonomy":"category","embeddable":true,"href":"https:\/\/solidaridadnews.com\/index.php?rest_route=%2Fwp%2Fv2%2Fcategories&post=31832"},{"taxonomy":"post_tag","embeddable":true,"href":"https:\/\/solidaridadnews.com\/index.php?rest_route=%2Fwp%2Fv2%2Ftags&post=31832"}],"curies":[{"name":"wp","href":"https:\/\/api.w.org\/{rel}","templated":true}]}}