{"id":31775,"date":"2024-02-12T10:02:53","date_gmt":"2024-02-12T15:02:53","guid":{"rendered":"https:\/\/solidaridadnews.com\/?p=31775"},"modified":"2024-02-12T15:03:12","modified_gmt":"2024-02-12T15:03:12","slug":"suspenden-clases-en-mexicali-por-enjambre-sismico","status":"publish","type":"post","link":"https:\/\/solidaridadnews.com\/?p=31775","title":{"rendered":"Suspenden clases en Mexicali por enjambre s\u00edsmico"},"content":{"rendered":"<p>El Gobierno de Baja California determin\u00f3 suspender las clases este lunes en Mexicali, derivado de un enjambre s\u00edsmico.<\/p>\n<p>Protecci\u00f3n Civil del estado inform\u00f3 que entre las 00:36 y 2:25 h de este lunes se registraron m\u00faltiples sismos con epicentro en el condado de Imperial, California.<\/p>\n<p>Al menos tres de estos fueron perceptibles en los municipios de Mexicali, Tijuana y Tecate.<\/p>\n<p>Si bien no se reportaron da\u00f1os, la gobernadora Marina del Pilar anunci\u00f3 la suspensi\u00f3n de clases en Mexicali. La medida aplica para todos los niveles educativos.<\/p>\n<p>Revisaremos las escuelas, que est\u00e9n seguras para nuestras ni\u00f1as, ni\u00f1os y j\u00f3venes\u201d, se\u00f1al\u00f3 en redes sociales.<\/p>\n<p>El Servicio Geol\u00f3gico de Estados Unidos\u200b\u200b registr\u00f3 al menos cinco sismos en el condado Imperial de California.<\/p>\n<p>El m\u00e1s intenso de los movimientos tel\u00faricos fue de magnitud 3.6, a una profundidad de 14 km.<\/p>\n","protected":false},"excerpt":{"rendered":"<p>El Gobierno de Baja California determin\u00f3 suspender las clases este lunes en Mexicali, derivado de un enjambre s\u00edsmico. Protecci\u00f3n Civil del estado inform\u00f3 que entre las 00:36 y 2:25 h de este lunes se registraron m\u00faltiples sismos con epicentro en el condado de Imperial, California. Al menos tres de estos fueron perceptibles en los municipios [&hellip;]<\/p>\n","protected":false},"author":1,"featured_media":31777,"comment_status":"open","ping_status":"closed","sticky":false,"template":"","format":"standard","meta":{"footnotes":""},"categories":[2],"tags":[],"class_list":["post-31775","post","type-post","status-publish","format-standard","has-post-thumbnail","hentry","category-nacional"],"_links":{"self":[{"href":"https:\/\/solidaridadnews.com\/index.php?rest_route=\/wp\/v2\/posts\/31775","targetHints":{"allow":["GET"]}}],"collection":[{"href":"https:\/\/solidaridadnews.com\/index.php?rest_route=\/wp\/v2\/posts"}],"about":[{"href":"https:\/\/solidaridadnews.com\/index.php?rest_route=\/wp\/v2\/types\/post"}],"author":[{"embeddable":true,"href":"https:\/\/solidaridadnews.com\/index.php?rest_route=\/wp\/v2\/users\/1"}],"replies":[{"embeddable":true,"href":"https:\/\/solidaridadnews.com\/index.php?rest_route=%2Fwp%2Fv2%2Fcomments&post=31775"}],"version-history":[{"count":1,"href":"https:\/\/solidaridadnews.com\/index.php?rest_route=\/wp\/v2\/posts\/31775\/revisions"}],"predecessor-version":[{"id":31776,"href":"https:\/\/solidaridadnews.com\/index.php?rest_route=\/wp\/v2\/posts\/31775\/revisions\/31776"}],"wp:featuredmedia":[{"embeddable":true,"href":"https:\/\/solidaridadnews.com\/index.php?rest_route=\/wp\/v2\/media\/31777"}],"wp:attachment":[{"href":"https:\/\/solidaridadnews.com\/index.php?rest_route=%2Fwp%2Fv2%2Fmedia&parent=31775"}],"wp:term":[{"taxonomy":"category","embeddable":true,"href":"https:\/\/solidaridadnews.com\/index.php?rest_route=%2Fwp%2Fv2%2Fcategories&post=31775"},{"taxonomy":"post_tag","embeddable":true,"href":"https:\/\/solidaridadnews.com\/index.php?rest_route=%2Fwp%2Fv2%2Ftags&post=31775"}],"curies":[{"name":"wp","href":"https:\/\/api.w.org\/{rel}","templated":true}]}}