{"id":31737,"date":"2024-02-10T16:14:18","date_gmt":"2024-02-10T21:14:18","guid":{"rendered":"https:\/\/solidaridadnews.com\/?p=31737"},"modified":"2024-02-10T21:14:19","modified_gmt":"2024-02-10T21:14:19","slug":"dakota-johnson-dice-que-actuar-en-the-office-fue-lo-peor","status":"publish","type":"post","link":"https:\/\/solidaridadnews.com\/?p=31737","title":{"rendered":"Dakota Johnson dice que actuar en The Office fue lo peor"},"content":{"rendered":"<p>Quienes han visto la serie de The Office, seguramente amaron uno o varios episodios, pero quien no est\u00e1 tan de acuerdo con ello es la actriz Dakota Johnson. La artista revel\u00f3 que haber actuado en uno de los cap\u00edtulos fue lo peor de su carrera, seg\u00fan coment\u00f3 en el programa de televisi\u00f3n de Seth Meyers.<\/p>\n<p>Quiz\u00e1, algunos fan\u00e1ticos de The Office desconozcan que la actriz, Dakota Johnson, particip\u00f3 en uno de los episodios de la serie y esto tiene un porqu\u00e9, motivos por los cuales tambi\u00e9n disgustaron a la histrionisa, quien revel\u00f3 fue lo peor que ha hecho en su carrera.<\/p>\n<p>\u00bfPor qu\u00e9 Dakota Johnson se disgust\u00f3 por cap\u00edtulo de The Office?<br \/>\nDe acuerdo con lo revelado por la actriz, quien fue invitada a realizar un cameo en el cap\u00edtulo final de la serie, el principal motivo por el que se molest\u00f3 al actuar en The Office fue por el tiempo que tard\u00f3 en grabarse el episodio.<\/p>\n<p>\u201cMe preguntaron si quer\u00eda estar en el episodio de despedida, y yo dije, \u2018s\u00ed, por supuesto\u2019, pensando que me llevar\u00eda medio d\u00eda. Al final, estuve dos semanas y pr\u00e1cticamente no sal\u00ed en pantalla\u201d, coment\u00f3.<\/p>\n<p>Adem\u00e1s del tiempo que tard\u00f3 en grabarse el cap\u00edtulo final de The Office, en el cual solo apareci\u00f3 un par de minutos como una nueva colaboradora de trabajo, Dakota Johnson confes\u00f3 que el ambiente entre actores tambi\u00e9n fue tenso, incluso la ignoraban; as\u00ed que este fue un motivo m\u00e1s para odiar trabajar en la serie.<\/p>\n<p>\u201cAlgunos no se hablaban entre ellos. Obviamente, nadie quiso hablar conmigo\u00bb, a\u00f1adi\u00f3 Dakota Johnson.<\/p>\n<p>Aunque haya parecido ficci\u00f3n la relaci\u00f3n entre los integrantes de The Office, parece ser que s\u00ed exist\u00edan algunas interacciones hostiles entre los actores, seg\u00fan las confesiones de Dakota Johnson. Lo que s\u00ed es seguro es que fue uno de los peores proyectos en los que ha trabajado la actriz, quien ahora debuta como superhero\u00edna en la cinta \u2018Madame Web\u2019.<\/p>\n","protected":false},"excerpt":{"rendered":"<p>Quienes han visto la serie de The Office, seguramente amaron uno o varios episodios, pero quien no est\u00e1 tan de acuerdo con ello es la actriz Dakota Johnson. La artista revel\u00f3 que haber actuado en uno de los cap\u00edtulos fue lo peor de su carrera, seg\u00fan coment\u00f3 en el programa de televisi\u00f3n de Seth Meyers. [&hellip;]<\/p>\n","protected":false},"author":1,"featured_media":0,"comment_status":"open","ping_status":"closed","sticky":false,"template":"","format":"standard","meta":{"footnotes":""},"categories":[3],"tags":[],"class_list":["post-31737","post","type-post","status-publish","format-standard","hentry","category-espectaculos"],"_links":{"self":[{"href":"https:\/\/solidaridadnews.com\/index.php?rest_route=\/wp\/v2\/posts\/31737","targetHints":{"allow":["GET"]}}],"collection":[{"href":"https:\/\/solidaridadnews.com\/index.php?rest_route=\/wp\/v2\/posts"}],"about":[{"href":"https:\/\/solidaridadnews.com\/index.php?rest_route=\/wp\/v2\/types\/post"}],"author":[{"embeddable":true,"href":"https:\/\/solidaridadnews.com\/index.php?rest_route=\/wp\/v2\/users\/1"}],"replies":[{"embeddable":true,"href":"https:\/\/solidaridadnews.com\/index.php?rest_route=%2Fwp%2Fv2%2Fcomments&post=31737"}],"version-history":[{"count":1,"href":"https:\/\/solidaridadnews.com\/index.php?rest_route=\/wp\/v2\/posts\/31737\/revisions"}],"predecessor-version":[{"id":31738,"href":"https:\/\/solidaridadnews.com\/index.php?rest_route=\/wp\/v2\/posts\/31737\/revisions\/31738"}],"wp:attachment":[{"href":"https:\/\/solidaridadnews.com\/index.php?rest_route=%2Fwp%2Fv2%2Fmedia&parent=31737"}],"wp:term":[{"taxonomy":"category","embeddable":true,"href":"https:\/\/solidaridadnews.com\/index.php?rest_route=%2Fwp%2Fv2%2Fcategories&post=31737"},{"taxonomy":"post_tag","embeddable":true,"href":"https:\/\/solidaridadnews.com\/index.php?rest_route=%2Fwp%2Fv2%2Ftags&post=31737"}],"curies":[{"name":"wp","href":"https:\/\/api.w.org\/{rel}","templated":true}]}}