{"id":31731,"date":"2024-02-10T09:52:54","date_gmt":"2024-02-10T14:52:54","guid":{"rendered":"https:\/\/solidaridadnews.com\/?p=31731"},"modified":"2024-02-10T14:52:56","modified_gmt":"2024-02-10T14:52:56","slug":"jorge-perez-duran-despedido-de-la-comision-de-arbitraje","status":"publish","type":"post","link":"https:\/\/solidaridadnews.com\/?p=31731","title":{"rendered":"Jorge P\u00e9rez Dur\u00e1n, despedido de la Comisi\u00f3n de Arbitraje"},"content":{"rendered":"<p>Le dan las gracias. Jorge P\u00e9rez Dur\u00e1n, experimentado silbante de la Liga MX y uno de los integrantes del VAR del futbol mexicano, fue despedido de la Comisi\u00f3n de Arbitraje.<\/p>\n<p>De acuerdo con David Medrano, el \u00e1rbitro no podr\u00e1 seguir sus funciones al no cumplir un requisito clave del reglamento laboral de los nazarenos.<\/p>\n<p>\u00abA pesar de ser de los mejores VAR del futbol mexicano, Jorge P\u00e9rez Dur\u00e1n fue despedido, ya que por reglamento los VAR y AVAR tienen que ser \u00e1rbitros en activo y P\u00e9rez Dur\u00e1n, a causa de una complicada lesi\u00f3n, tiene m\u00e1s de un a\u00f1o sin dirigir un partido.<\/p>\n<p>\u00abLa Comisi\u00f3n lo utilizaba en el VAR, en el que era de los mejores y siempre estaba en los juegos importantes\u00bb, detalla Medrano en su columna titulada: &#8216;Sin registro&#8217;.<\/p>\n<p>A pesar de sus esfuerzos por recuperarse, P\u00e9rez Dur\u00e1n ha estado fuera de las canchas durante m\u00e1s de un a\u00f1o, lo que ha incumplido con los requisitos reglamentarios que exigen que los \u00e1rbitros en funciones est\u00e9n en activo.<\/p>\n","protected":false},"excerpt":{"rendered":"<p>Le dan las gracias. Jorge P\u00e9rez Dur\u00e1n, experimentado silbante de la Liga MX y uno de los integrantes del VAR del futbol mexicano, fue despedido de la Comisi\u00f3n de Arbitraje. De acuerdo con David Medrano, el \u00e1rbitro no podr\u00e1 seguir sus funciones al no cumplir un requisito clave del reglamento laboral de los nazarenos. \u00abA [&hellip;]<\/p>\n","protected":false},"author":1,"featured_media":31733,"comment_status":"open","ping_status":"closed","sticky":false,"template":"","format":"standard","meta":{"footnotes":""},"categories":[6],"tags":[],"class_list":["post-31731","post","type-post","status-publish","format-standard","has-post-thumbnail","hentry","category-deportes"],"_links":{"self":[{"href":"https:\/\/solidaridadnews.com\/index.php?rest_route=\/wp\/v2\/posts\/31731","targetHints":{"allow":["GET"]}}],"collection":[{"href":"https:\/\/solidaridadnews.com\/index.php?rest_route=\/wp\/v2\/posts"}],"about":[{"href":"https:\/\/solidaridadnews.com\/index.php?rest_route=\/wp\/v2\/types\/post"}],"author":[{"embeddable":true,"href":"https:\/\/solidaridadnews.com\/index.php?rest_route=\/wp\/v2\/users\/1"}],"replies":[{"embeddable":true,"href":"https:\/\/solidaridadnews.com\/index.php?rest_route=%2Fwp%2Fv2%2Fcomments&post=31731"}],"version-history":[{"count":1,"href":"https:\/\/solidaridadnews.com\/index.php?rest_route=\/wp\/v2\/posts\/31731\/revisions"}],"predecessor-version":[{"id":31732,"href":"https:\/\/solidaridadnews.com\/index.php?rest_route=\/wp\/v2\/posts\/31731\/revisions\/31732"}],"wp:featuredmedia":[{"embeddable":true,"href":"https:\/\/solidaridadnews.com\/index.php?rest_route=\/wp\/v2\/media\/31733"}],"wp:attachment":[{"href":"https:\/\/solidaridadnews.com\/index.php?rest_route=%2Fwp%2Fv2%2Fmedia&parent=31731"}],"wp:term":[{"taxonomy":"category","embeddable":true,"href":"https:\/\/solidaridadnews.com\/index.php?rest_route=%2Fwp%2Fv2%2Fcategories&post=31731"},{"taxonomy":"post_tag","embeddable":true,"href":"https:\/\/solidaridadnews.com\/index.php?rest_route=%2Fwp%2Fv2%2Ftags&post=31731"}],"curies":[{"name":"wp","href":"https:\/\/api.w.org\/{rel}","templated":true}]}}