{"id":31713,"date":"2024-02-08T12:08:33","date_gmt":"2024-02-08T17:08:33","guid":{"rendered":"https:\/\/solidaridadnews.com\/?p=31713"},"modified":"2024-02-08T17:08:35","modified_gmt":"2024-02-08T17:08:35","slug":"temperatura-mundial-de-los-ultimos-12-meses-supero-por-primera-vez-el-umbral-de-1-5-c","status":"publish","type":"post","link":"https:\/\/solidaridadnews.com\/?p=31713","title":{"rendered":"Temperatura mundial de los \u00faltimos 12 meses super\u00f3 por primera vez el umbral de 1.5 \u00b0C"},"content":{"rendered":"<p>La temperatura media mundial de los \u00faltimos doce meses fue la m\u00e1s alta registrada hasta el momento, con 0.64 \u00b0C por encima del promedio de 1991-2020, y 1.52 \u00b0C por encima del preindustrial, de acuerdo a los datos de Copernicus, lo que confirma que la situaci\u00f3n clim\u00e1tica es \u201cmuy preocupante\u201d, seg\u00fan los expertos.<\/p>\n<p>&nbsp;<\/p>\n<p>El dato no significa que se haya superado el l\u00edmite del Acuerdo de Par\u00eds, ya que se debe considerar un promedio de tiempo m\u00e1s largo de al menos diez a\u00f1os por encima de 1.5\u00baC para que se d\u00e9 por sobrepasado, pero s\u00ed \u201crequiere un seguimiento estrecho\u201d, detall\u00f3 el servicio de Cambio Clim\u00e1tico Copernicus (C3S) de la Uni\u00f3n Europea.<\/p>\n<p>&nbsp;<\/p>\n<p>No es que cada uno de los doce meses (febrero de 2023\u2013enero de 2024) haya registrado dicha anomal\u00eda ,sino que la media del conjunto ha estado por encima de dicho umbral t\u00e9rmico, seg\u00fan han explicado a Efe fuentes del servicio europeo.<\/p>\n<p>&nbsp;<\/p>\n<p>Lo que s\u00ed ha ocurrido es que es la primera vez que los datos de dicho servicio desvelan que las temperaturas globales han alcanzado ese nivel t\u00e9rmico \u201cdurante un periodo de tiempo tan sostenido\u201d. Adem\u00e1s, enero de 2024 ha sido el m\u00e1s c\u00e1lido dicho mes a nivel mundial.<\/p>\n<p>&nbsp;<\/p>\n<p>Seg\u00fan la organizaci\u00f3n medioambiental WWF, el clima mundial afronta un \u201cmomento s\u00edsmico\u201d que debe animar a los pa\u00edses y las empresas a \u201cacelerar sus esfuerzos\u201d para reducir las emisiones de gases de efecto invernadero.<\/p>\n<p>&nbsp;<\/p>\n<p>\u201cEsto es muy preocupante\u201d, ha a\u00f1adido en un comunicado la organizaci\u00f3n. \u201cA menos que no haya una reducci\u00f3n inmediata y profunda de las emisiones en todos los sectores y regiones, la Tierra superar\u00e1 los 1.5\u00b0C a principios de la d\u00e9cada de 2030\u201d de forma duradera.<\/p>\n<p>&nbsp;<\/p>\n<p>\u201cEste nuevo hito de temperatura coincide con el hecho de que las emisiones mundiales de gases de efecto invernadero tambi\u00e9n alcanzaron un m\u00e1ximo hist\u00f3rico\u201d, seg\u00fan Stephanie Roe, cient\u00edfica principal de Clima y Energ\u00eda Global de WWF y miembro del panel de expertos clim\u00e1ticos de la ONU.<\/p>\n<p>&nbsp;<\/p>\n<p>\u201cSin reducciones considerables de emisiones en los pr\u00f3ximos a\u00f1os, superaremos el umbral de 1.5\u00b0C a largo plazo en la pr\u00f3xima d\u00e9cada\u201d.<\/p>\n<p>&nbsp;<\/p>\n<p>\u201cPrevenir cada incremento adicional del calentamiento global es importante. Cuanto m\u00e1s aumenten las temperaturas, m\u00e1s extremos ser\u00e1n los impactos del cambio clim\u00e1tico y mayor ser\u00e1 el riesgo de llegar a puntos de inflexi\u00f3n e impactos irreversibles\u201d.<\/p>\n<p>&nbsp;<\/p>\n<p>\u201cEs crucial que los pa\u00edses alineen r\u00e1pidamente sus pol\u00edticas y flujos financieros para limitar el calentamiento global por debajo de 1.5\u00b0C\u201d, lo que significa reducir las emisiones de gases de efecto invernadero al menos un 43 por ciento para 2030.<\/p>\n<p>&nbsp;<\/p>\n<p>Las medidas para transformar las econom\u00edas, los sistemas energ\u00e9ticos y alimentarios y para proteger y restaurar la naturaleza \u201cdeben realizarse a una velocidad y escala sin precedentes\u201d.<\/p>\n<p>&nbsp;<\/p>\n<p>&nbsp;<\/p>\n","protected":false},"excerpt":{"rendered":"<p>La temperatura media mundial de los \u00faltimos doce meses fue la m\u00e1s alta registrada hasta el momento, con 0.64 \u00b0C por encima del promedio de 1991-2020, y 1.52 \u00b0C por encima del preindustrial, de acuerdo a los datos de Copernicus, lo que confirma que la situaci\u00f3n clim\u00e1tica es \u201cmuy preocupante\u201d, seg\u00fan los expertos. &nbsp; El [&hellip;]<\/p>\n","protected":false},"author":1,"featured_media":31715,"comment_status":"open","ping_status":"closed","sticky":false,"template":"","format":"standard","meta":{"footnotes":""},"categories":[9],"tags":[],"class_list":["post-31713","post","type-post","status-publish","format-standard","has-post-thumbnail","hentry","category-internacional"],"_links":{"self":[{"href":"https:\/\/solidaridadnews.com\/index.php?rest_route=\/wp\/v2\/posts\/31713","targetHints":{"allow":["GET"]}}],"collection":[{"href":"https:\/\/solidaridadnews.com\/index.php?rest_route=\/wp\/v2\/posts"}],"about":[{"href":"https:\/\/solidaridadnews.com\/index.php?rest_route=\/wp\/v2\/types\/post"}],"author":[{"embeddable":true,"href":"https:\/\/solidaridadnews.com\/index.php?rest_route=\/wp\/v2\/users\/1"}],"replies":[{"embeddable":true,"href":"https:\/\/solidaridadnews.com\/index.php?rest_route=%2Fwp%2Fv2%2Fcomments&post=31713"}],"version-history":[{"count":1,"href":"https:\/\/solidaridadnews.com\/index.php?rest_route=\/wp\/v2\/posts\/31713\/revisions"}],"predecessor-version":[{"id":31714,"href":"https:\/\/solidaridadnews.com\/index.php?rest_route=\/wp\/v2\/posts\/31713\/revisions\/31714"}],"wp:featuredmedia":[{"embeddable":true,"href":"https:\/\/solidaridadnews.com\/index.php?rest_route=\/wp\/v2\/media\/31715"}],"wp:attachment":[{"href":"https:\/\/solidaridadnews.com\/index.php?rest_route=%2Fwp%2Fv2%2Fmedia&parent=31713"}],"wp:term":[{"taxonomy":"category","embeddable":true,"href":"https:\/\/solidaridadnews.com\/index.php?rest_route=%2Fwp%2Fv2%2Fcategories&post=31713"},{"taxonomy":"post_tag","embeddable":true,"href":"https:\/\/solidaridadnews.com\/index.php?rest_route=%2Fwp%2Fv2%2Ftags&post=31713"}],"curies":[{"name":"wp","href":"https:\/\/api.w.org\/{rel}","templated":true}]}}