{"id":31710,"date":"2024-02-08T11:11:53","date_gmt":"2024-02-08T16:11:53","guid":{"rendered":"https:\/\/solidaridadnews.com\/?p=31710"},"modified":"2024-02-08T16:11:55","modified_gmt":"2024-02-08T16:11:55","slug":"britney-spears-asegura-haberse-besado-con-ben-affleck","status":"publish","type":"post","link":"https:\/\/solidaridadnews.com\/?p=31710","title":{"rendered":"Britney Spears asegura haberse besado con Ben Affleck"},"content":{"rendered":"<p>Britney Spears no deja de hacer sorprendentes revelaciones que involucran a otros famosos y que ocurrieron en sus a\u00f1os de juventud, y es que ahora la \u201cprincesa del pop\u201d lanz\u00f3 una bomba que involucra nada menos que a Ben Affleck.<\/p>\n<p>&nbsp;<\/p>\n<p>Y es que la cantante public\u00f3 en su cuenta de Instagram, una foto de ella y el esposo de Jennifer L\u00f3pez del verano de 1999, tiempo durante el cual ella afirma que se besaron.<\/p>\n<p>&nbsp;<\/p>\n<p>La estrella del pop public\u00f3 una foto de ella, Ben y Diane Warren pasando el rato en una fiesta, la cual supuestamente tuvo lugar en junio o julio de 1999 para celebrar su \u00e1lbum \u00ab&#8230;Baby One More Time\u00bb, que sali\u00f3 ese mes de enero.<\/p>\n<p>&nbsp;<\/p>\n<p>La fotograf\u00eda en cuesti\u00f3n ha estado circulando durante a\u00f1os, pero la nueva descripci\u00f3n de la famosa asegura que beso a Ben esa noche.<\/p>\n<p>&nbsp;<\/p>\n<p>\u00ab\u00a1\u00a1\u00a1Una linda foto de m\u00ed con Ben Affleck y Diane Warren hace a\u00f1os!!! Es un actor incre\u00edble. Me olvid\u00e9 de mencionar que me bes\u00e9 con Ben esa noche&#8230; Honestamente lo olvid\u00e9 \u00a1\u00a1\u00a1Maldita sea eso es una locura!!! Ojal\u00e1 pudiera contarles la historia que pas\u00f3 antes de eso !!! Psss en realidad se me olvid\u00f3!\u00bb.<\/p>\n<p>&nbsp;<\/p>\n<p>Pocs despu\u00e9s Britney, fiel a su estilo borr\u00f3 el post sembrando miles de dudas entre sus fans, lo que gener\u00f3 sospechas por razones obvias. Por un lado, una conexi\u00f3n de amor entre ella y Ben, adem\u00e1s de que no hay pruebas de que lo que dijo Britney sea verdad.<\/p>\n<p>&nbsp;<\/p>\n<p>A penas el a\u00f1o pasado la \u201cprincesa del Pop\u201d realiz\u00f3 fuertes declaraciones en su libro de memorias \u201cThe Woman in Me\u201d, que involucraron a algunos de sus exnovios, principalmente a Justin Timkerlake, de quien qued\u00f3 embarazada y abort\u00f3 al poco tiempo debido a que el l\u00edder de NSYNC \u201cdefinitivamente no quer\u00eda ser padre\u201d.<\/p>\n<p>&nbsp;<\/p>\n<p>Adem\u00e1s, habl\u00f3 del romance fugaz de dos semanas que vivi\u00f3 con Colin Farrell, describiendo la relaci\u00f3n como \u201csalvaje, duro y pasional\u201d<\/p>\n<p>&nbsp;<\/p>\n<p>&nbsp;<\/p>\n<p>&nbsp;<\/p>\n<p>&nbsp;<\/p>\n<p>&nbsp;<\/p>\n","protected":false},"excerpt":{"rendered":"<p>Britney Spears no deja de hacer sorprendentes revelaciones que involucran a otros famosos y que ocurrieron en sus a\u00f1os de juventud, y es que ahora la \u201cprincesa del pop\u201d lanz\u00f3 una bomba que involucra nada menos que a Ben Affleck. &nbsp; Y es que la cantante public\u00f3 en su cuenta de Instagram, una foto de [&hellip;]<\/p>\n","protected":false},"author":1,"featured_media":31712,"comment_status":"open","ping_status":"closed","sticky":false,"template":"","format":"standard","meta":{"footnotes":""},"categories":[3],"tags":[],"class_list":["post-31710","post","type-post","status-publish","format-standard","has-post-thumbnail","hentry","category-espectaculos"],"_links":{"self":[{"href":"https:\/\/solidaridadnews.com\/index.php?rest_route=\/wp\/v2\/posts\/31710","targetHints":{"allow":["GET"]}}],"collection":[{"href":"https:\/\/solidaridadnews.com\/index.php?rest_route=\/wp\/v2\/posts"}],"about":[{"href":"https:\/\/solidaridadnews.com\/index.php?rest_route=\/wp\/v2\/types\/post"}],"author":[{"embeddable":true,"href":"https:\/\/solidaridadnews.com\/index.php?rest_route=\/wp\/v2\/users\/1"}],"replies":[{"embeddable":true,"href":"https:\/\/solidaridadnews.com\/index.php?rest_route=%2Fwp%2Fv2%2Fcomments&post=31710"}],"version-history":[{"count":1,"href":"https:\/\/solidaridadnews.com\/index.php?rest_route=\/wp\/v2\/posts\/31710\/revisions"}],"predecessor-version":[{"id":31711,"href":"https:\/\/solidaridadnews.com\/index.php?rest_route=\/wp\/v2\/posts\/31710\/revisions\/31711"}],"wp:featuredmedia":[{"embeddable":true,"href":"https:\/\/solidaridadnews.com\/index.php?rest_route=\/wp\/v2\/media\/31712"}],"wp:attachment":[{"href":"https:\/\/solidaridadnews.com\/index.php?rest_route=%2Fwp%2Fv2%2Fmedia&parent=31710"}],"wp:term":[{"taxonomy":"category","embeddable":true,"href":"https:\/\/solidaridadnews.com\/index.php?rest_route=%2Fwp%2Fv2%2Fcategories&post=31710"},{"taxonomy":"post_tag","embeddable":true,"href":"https:\/\/solidaridadnews.com\/index.php?rest_route=%2Fwp%2Fv2%2Ftags&post=31710"}],"curies":[{"name":"wp","href":"https:\/\/api.w.org\/{rel}","templated":true}]}}