{"id":31704,"date":"2024-02-08T08:37:55","date_gmt":"2024-02-08T13:37:55","guid":{"rendered":"https:\/\/solidaridadnews.com\/?p=31704"},"modified":"2024-02-08T13:37:56","modified_gmt":"2024-02-08T13:37:56","slug":"muere-el-tula-aficionado-de-la-seleccion-de-argentina-a-los-83-anos-de-vida","status":"publish","type":"post","link":"https:\/\/solidaridadnews.com\/?p=31704","title":{"rendered":"Muere el \u201cTula\u201d, aficionado de la Selecci\u00f3n de Argentina a los 83 a\u00f1os de vida"},"content":{"rendered":"<p>Carlos Pascual, mejor conocido como el \u00abTula\u00bb, m\u00edtico seguidor de la Selecci\u00f3n Argentina, falleci\u00f3 este mi\u00e9rcoles a los 83 a\u00f1os de vida tras estar una semana internado en una cl\u00ednica<\/p>\n<p>&nbsp;<\/p>\n<p>El rosarino acompa\u00f1\u00f3 con su caracter\u00edstico bombo a la Albiceleste en todas sus participaciones mundiales y continentales desde 1974.<\/p>\n<p>&nbsp;<\/p>\n<p>\u00abTula\u00bb, fue internado de urgencia tras una intervenci\u00f3n quir\u00fargica que complic\u00f3 su ya delicado estado de salud el 1 de febrero.<\/p>\n<p>&nbsp;<\/p>\n<p>El aficionado fue testigo de los tres mundiales ganados por su selecci\u00f3n albiceleste: en Argentina 1978, en M\u00e9xico 1986 y Qatar 2022.<\/p>\n<p>&nbsp;<\/p>\n<p>Precisamente, el desempe\u00f1o de &#8216;El Tula&#8217; y de sus compa\u00f1eros en la grada durante la \u00faltima cita mundialista les hicieron merecedores del premio The Best de la FIFA a la Mejor Afici\u00f3n del Mundo en el a\u00f1o 2022.<\/p>\n","protected":false},"excerpt":{"rendered":"<p>Carlos Pascual, mejor conocido como el \u00abTula\u00bb, m\u00edtico seguidor de la Selecci\u00f3n Argentina, falleci\u00f3 este mi\u00e9rcoles a los 83 a\u00f1os de vida tras estar una semana internado en una cl\u00ednica &nbsp; El rosarino acompa\u00f1\u00f3 con su caracter\u00edstico bombo a la Albiceleste en todas sus participaciones mundiales y continentales desde 1974. &nbsp; \u00abTula\u00bb, fue internado de [&hellip;]<\/p>\n","protected":false},"author":1,"featured_media":31706,"comment_status":"open","ping_status":"closed","sticky":false,"template":"","format":"standard","meta":{"footnotes":""},"categories":[6],"tags":[],"class_list":["post-31704","post","type-post","status-publish","format-standard","has-post-thumbnail","hentry","category-deportes"],"_links":{"self":[{"href":"https:\/\/solidaridadnews.com\/index.php?rest_route=\/wp\/v2\/posts\/31704","targetHints":{"allow":["GET"]}}],"collection":[{"href":"https:\/\/solidaridadnews.com\/index.php?rest_route=\/wp\/v2\/posts"}],"about":[{"href":"https:\/\/solidaridadnews.com\/index.php?rest_route=\/wp\/v2\/types\/post"}],"author":[{"embeddable":true,"href":"https:\/\/solidaridadnews.com\/index.php?rest_route=\/wp\/v2\/users\/1"}],"replies":[{"embeddable":true,"href":"https:\/\/solidaridadnews.com\/index.php?rest_route=%2Fwp%2Fv2%2Fcomments&post=31704"}],"version-history":[{"count":1,"href":"https:\/\/solidaridadnews.com\/index.php?rest_route=\/wp\/v2\/posts\/31704\/revisions"}],"predecessor-version":[{"id":31705,"href":"https:\/\/solidaridadnews.com\/index.php?rest_route=\/wp\/v2\/posts\/31704\/revisions\/31705"}],"wp:featuredmedia":[{"embeddable":true,"href":"https:\/\/solidaridadnews.com\/index.php?rest_route=\/wp\/v2\/media\/31706"}],"wp:attachment":[{"href":"https:\/\/solidaridadnews.com\/index.php?rest_route=%2Fwp%2Fv2%2Fmedia&parent=31704"}],"wp:term":[{"taxonomy":"category","embeddable":true,"href":"https:\/\/solidaridadnews.com\/index.php?rest_route=%2Fwp%2Fv2%2Fcategories&post=31704"},{"taxonomy":"post_tag","embeddable":true,"href":"https:\/\/solidaridadnews.com\/index.php?rest_route=%2Fwp%2Fv2%2Ftags&post=31704"}],"curies":[{"name":"wp","href":"https:\/\/api.w.org\/{rel}","templated":true}]}}