{"id":31698,"date":"2024-02-07T11:40:39","date_gmt":"2024-02-07T16:40:39","guid":{"rendered":"https:\/\/solidaridadnews.com\/?p=31698"},"modified":"2024-02-07T16:40:41","modified_gmt":"2024-02-07T16:40:41","slug":"funeral-del-expresidente-pinera-se-celebrara-el-viernes-en-la-catedral-de-santiago","status":"publish","type":"post","link":"https:\/\/solidaridadnews.com\/?p=31698","title":{"rendered":"Funeral del expresidente Pi\u00f1era se celebrar\u00e1 el viernes en la Catedral de Santiago"},"content":{"rendered":"<p>El funeral de Estado del expresidente Sebasti\u00e1n Pi\u00f1era, quien muri\u00f3 en un accidente de helic\u00f3ptero a los 74 a\u00f1os, ser\u00e1 el viernes por la ma\u00f1ana en la Catedral Metropolitana de Santiago, anunci\u00f3 el canciller chileno, Alberto van Klaveren.<\/p>\n<p>&nbsp;<\/p>\n<p>\u201cUna vez terminada la misa, los restos ser\u00e1n trasladados al Cementerio Parque del Recuerdo, no sin antes pasar frente a La Moneda, donde se le rendir\u00e1 un homenaje por parte de la guardia de palacio y el presidente de la Rep\u00fablica, Gabriel Boric\u201d, dijo el canciller, encargado de organizar el funeral.<\/p>\n<p>&nbsp;<\/p>\n<p>Van Klaveren asegur\u00f3 que a\u00fan se est\u00e1n afinando los \u00faltimos detalles del funeral e indic\u00f3 que hasta el momento \u201cno tienen confirmaci\u00f3n de qu\u00e9 l\u00edderes internacionales participar\u00e1n en el funeral\u201d.<\/p>\n<p>&nbsp;<\/p>\n<p>\u201cAprovecho para agradecer todas las condolencias que hemos recibido como Canciller\u00eda de l\u00edderes extranjeros, jefes de Estado y de Gobierno, cancilleres en ejercicio y tambi\u00e9n expresidentes\u201d, apunt\u00f3 el ministro.<\/p>\n<p>&nbsp;<\/p>\n<p>A las 15:30 h local del martes, el helic\u00f3ptero en el que viajaba Pi\u00f1era, junto a otras tres personas que lograron salvarse, se precipit\u00f3 al poco tiempo de despegar sobre el Lago Ranco, un balnerario tur\u00edstico situado a 800 kil\u00f3metros al sur de Santiago, donde sol\u00eda pasar los veranos con su familia.<\/p>\n<p>&nbsp;<\/p>\n<p>La Fiscal\u00eda se encuentra investigando las causas del accidente y la muerte del exgobernante, que era un experto piloto y, seg\u00fan medios locales, conduc\u00eda la nave en medio de una intensa lluvia y se hundi\u00f3 al no poder desabrocharse el cintur\u00f3n de seguridad.<\/p>\n<p>&nbsp;<\/p>\n<p>El cuerpo de Pi\u00f1era se encuentra en el Servicio M\u00e9dico Legal (SML) de Valdivia, capital de la regi\u00f3n de Los R\u00edos a la que pertenece el Lago Ranco y donde se le est\u00e1 practicando la autopsia, y ser\u00e1 trasladado esta ma\u00f1ana a la capital chilena en un avi\u00f3n de las Fuerzas Armadas de Chile (FACh).<\/p>\n<p>&nbsp;<\/p>\n<p>Ser\u00e1 recibido en el aeropuerto capitalino sobre las 10:40 h local por el presidente, Gabriel Boric, y varios ministros y el cortejo partir\u00e1 posteriormente a la sede del Congreso Nacional, en Santiago, donde el exgobernante ser\u00e1 velado primero por la familia, detall\u00f3 el canciller.<\/p>\n<p>&nbsp;<\/p>\n<p>\u201cProbablemente en la tarde de hoy, a una hora que se informar\u00e1 oportunamente, se abrir\u00e1n las puertas para que quienes quieran rendir homenaje puedan hacerlo. El velatorio se va a extender al d\u00eda de ma\u00f1ana\u201d, agreg\u00f3.<\/p>\n<p>&nbsp;<\/p>\n<p>Pi\u00f1era, que gobern\u00f3 Chile en dos mandatos no consecutivos (2010- 2014 y 2018-2022), es el segundo expresidente que muere tras el retorno a la democracia en 1990.<\/p>\n<p>&nbsp;<\/p>\n<p>El primero fue el democristiano Patricio Aylwin, l\u00edder de la transici\u00f3n chilena y quien falleci\u00f3 el 19 de abril de 2016.<\/p>\n<p>&nbsp;<\/p>\n<p>Decenas de ciudadanos se amontonaron al poco tiempo de conocer la noticia a las puertas tanto de su vivienda de veraneo en Ranco como de su domicilio principal, en el acaudalado barrio capitalino de Las Condes, as\u00ed como en la sede en Santiago de Renovaci\u00f3n Nacional, partido del que fue cofundador y con el que lleg\u00f3 al poder.<\/p>\n<p>&nbsp;<\/p>\n<p>Pol\u00edtico infatigable y empresario de \u00e9xito, con una de las fortunas m\u00e1s grandes de la regi\u00f3n, Pi\u00f1era se convirti\u00f3 en 2020 en el primer presidente de derechas en llegar a La Moneda tras la dictadura de Augusto Pinochet (1973-1990).<\/p>\n<p>&nbsp;<\/p>\n<p>Boric, que en el pasado mantuvo fuertes diferencias con Pi\u00f1era, sobre todo a ra\u00edz del estallido social, le defini\u00f3 el martes en un mensaje en cadena nacional como un \u201cdem\u00f3crata desde la primera hora\u201d y dijo que \u201ccontribuy\u00f3, desde su visi\u00f3n, a construir grandes acuerdos por el bien de la patria\u201d.<\/p>\n<p>&nbsp;<\/p>\n<p>La recuperaci\u00f3n del pa\u00eds tras el devastador terremoto de 2010, la salvaci\u00f3n de los tres mineros atrapados durante m\u00e1s de dos meses en la mina San Jos\u00e9, la ola de manifestaciones de 2019, la pandemia, la temprana vacunaci\u00f3n contra el coronavirus y apertura de una investigaci\u00f3n en su contra por los Papeles de Pandora son algunos de los hitos que marcaron sus dos Gobiernos.<\/p>\n<p>&nbsp;<\/p>\n","protected":false},"excerpt":{"rendered":"<p>El funeral de Estado del expresidente Sebasti\u00e1n Pi\u00f1era, quien muri\u00f3 en un accidente de helic\u00f3ptero a los 74 a\u00f1os, ser\u00e1 el viernes por la ma\u00f1ana en la Catedral Metropolitana de Santiago, anunci\u00f3 el canciller chileno, Alberto van Klaveren. &nbsp; \u201cUna vez terminada la misa, los restos ser\u00e1n trasladados al Cementerio Parque del Recuerdo, no sin [&hellip;]<\/p>\n","protected":false},"author":1,"featured_media":31700,"comment_status":"open","ping_status":"closed","sticky":false,"template":"","format":"standard","meta":{"footnotes":""},"categories":[9],"tags":[],"class_list":["post-31698","post","type-post","status-publish","format-standard","has-post-thumbnail","hentry","category-internacional"],"_links":{"self":[{"href":"https:\/\/solidaridadnews.com\/index.php?rest_route=\/wp\/v2\/posts\/31698","targetHints":{"allow":["GET"]}}],"collection":[{"href":"https:\/\/solidaridadnews.com\/index.php?rest_route=\/wp\/v2\/posts"}],"about":[{"href":"https:\/\/solidaridadnews.com\/index.php?rest_route=\/wp\/v2\/types\/post"}],"author":[{"embeddable":true,"href":"https:\/\/solidaridadnews.com\/index.php?rest_route=\/wp\/v2\/users\/1"}],"replies":[{"embeddable":true,"href":"https:\/\/solidaridadnews.com\/index.php?rest_route=%2Fwp%2Fv2%2Fcomments&post=31698"}],"version-history":[{"count":1,"href":"https:\/\/solidaridadnews.com\/index.php?rest_route=\/wp\/v2\/posts\/31698\/revisions"}],"predecessor-version":[{"id":31699,"href":"https:\/\/solidaridadnews.com\/index.php?rest_route=\/wp\/v2\/posts\/31698\/revisions\/31699"}],"wp:featuredmedia":[{"embeddable":true,"href":"https:\/\/solidaridadnews.com\/index.php?rest_route=\/wp\/v2\/media\/31700"}],"wp:attachment":[{"href":"https:\/\/solidaridadnews.com\/index.php?rest_route=%2Fwp%2Fv2%2Fmedia&parent=31698"}],"wp:term":[{"taxonomy":"category","embeddable":true,"href":"https:\/\/solidaridadnews.com\/index.php?rest_route=%2Fwp%2Fv2%2Fcategories&post=31698"},{"taxonomy":"post_tag","embeddable":true,"href":"https:\/\/solidaridadnews.com\/index.php?rest_route=%2Fwp%2Fv2%2Ftags&post=31698"}],"curies":[{"name":"wp","href":"https:\/\/api.w.org\/{rel}","templated":true}]}}