{"id":31695,"date":"2024-02-07T10:52:16","date_gmt":"2024-02-07T15:52:16","guid":{"rendered":"https:\/\/solidaridadnews.com\/?p=31695"},"modified":"2024-02-07T15:52:18","modified_gmt":"2024-02-07T15:52:18","slug":"luis-miguel-conquista-las-redes-con-nueva-foto-desde-lujoso-avion-privado","status":"publish","type":"post","link":"https:\/\/solidaridadnews.com\/?p=31695","title":{"rendered":"Luis Miguel conquista las redes con nueva foto desde lujoso avi\u00f3n privado"},"content":{"rendered":"<p>Desde 2023, Luis Miguel ha dejado claro que reapareci\u00f3 en la escena musical para recuperar el trono que durante a\u00f1os parece haberlo esperado, pues sus conciertos siguen reportando sold outs a meses de haber iniciado su gira internacional que lo ha llevado a Argentina, Espa\u00f1a, Estados Unidos y M\u00e9xico.<\/p>\n<p>&nbsp;<\/p>\n<p>Justo mediante repentinas apariciones y sorpresivas convivencias fuera de lo normal, con sus fans de otros pa\u00edses, LuisMi ha dejado m\u00e1s que evidente que el cari\u00f1o que sus seguidores le manifiestan est\u00e1 m\u00e1s presente que nunca, al punto que siempre es bien recibido en los lugares por los que se ha dejado ver.<\/p>\n<p>&nbsp;<\/p>\n<p>Aunque en M\u00e9xico es distinto su comportamiento y suele guardar mucho m\u00e1s las distancias, no es mentira que el cantante le regal\u00f3 una sonrisa a seguidoras que coincidieron con \u00e9l en un restaurante de Polanco.<\/p>\n<p>&nbsp;<\/p>\n<p>Por lo anterior, ha llegado a decirse que el cantante no requiere de mayor publicidad que sus propias acciones, mismas que lo han mantenido medianamente alejado de los esc\u00e1ndalos, a pesar de la fuerte disputa legal que la actriz Aracely Ar\u00e1mbula habr\u00eda iniciado en su contra por la manutenci\u00f3n de sus hijos, Miguel y Daniel.<\/p>\n<p>&nbsp;<\/p>\n<p>El cantante sabe perfecto c\u00f3mo reinventar su vigencia y una prueba de esto es que este domingo, Luis Miguel sorprendi\u00f3 a sus seguidores al regalarles una postal de \u00e9l mismo, posando sentado, en su jet privado.<\/p>\n<p>&nbsp;<\/p>\n<p>La foto data de hace unos d\u00edas, cuando \u2018El Sol de M\u00e9xico\u2019 estuvo en Tegucigalpa, Honduras, para despu\u00e9s ofrecer un concierto este 5 de febrero en el Estadio Nacional de Baseball de Managua, Nicaragua.<\/p>\n<p><img loading=\"lazy\" decoding=\"async\" class=\"alignnone size-medium wp-image-41954\" src=\"https:\/\/solidaridadnews.com\/wp-content\/uploads\/2024\/02\/WhatsApp-Image-2024-02-07-at-10.50.43.jpeg\" alt=\"\" width=\"298\" height=\"300\" \/><\/p>\n<p>&nbsp;<\/p>\n<p>En su viaje a Nicaragua, Luis Miguel comparti\u00f3 una imagen a bordo de su lujoso avi\u00f3n Bombardier Global 7500.<\/p>\n<p>&nbsp;<\/p>\n<p>Seg\u00fan informaci\u00f3n de Bombardier, el Global 7500 es el avi\u00f3n de negocios m\u00e1s grande y de mayor alcance del mundo.<\/p>\n<p>&nbsp;<\/p>\n<p>\u00abMejore su experiencia de vuelo y descubra la libertad desinhibida y el lujo personalizado del avi\u00f3n Global 7500, una nueva clase de avi\u00f3n de negocios\u00bb, destaca.<\/p>\n","protected":false},"excerpt":{"rendered":"<p>Desde 2023, Luis Miguel ha dejado claro que reapareci\u00f3 en la escena musical para recuperar el trono que durante a\u00f1os parece haberlo esperado, pues sus conciertos siguen reportando sold outs a meses de haber iniciado su gira internacional que lo ha llevado a Argentina, Espa\u00f1a, Estados Unidos y M\u00e9xico. &nbsp; Justo mediante repentinas apariciones y [&hellip;]<\/p>\n","protected":false},"author":1,"featured_media":31697,"comment_status":"open","ping_status":"closed","sticky":false,"template":"","format":"standard","meta":{"footnotes":""},"categories":[3],"tags":[],"class_list":["post-31695","post","type-post","status-publish","format-standard","has-post-thumbnail","hentry","category-espectaculos"],"_links":{"self":[{"href":"https:\/\/solidaridadnews.com\/index.php?rest_route=\/wp\/v2\/posts\/31695","targetHints":{"allow":["GET"]}}],"collection":[{"href":"https:\/\/solidaridadnews.com\/index.php?rest_route=\/wp\/v2\/posts"}],"about":[{"href":"https:\/\/solidaridadnews.com\/index.php?rest_route=\/wp\/v2\/types\/post"}],"author":[{"embeddable":true,"href":"https:\/\/solidaridadnews.com\/index.php?rest_route=\/wp\/v2\/users\/1"}],"replies":[{"embeddable":true,"href":"https:\/\/solidaridadnews.com\/index.php?rest_route=%2Fwp%2Fv2%2Fcomments&post=31695"}],"version-history":[{"count":1,"href":"https:\/\/solidaridadnews.com\/index.php?rest_route=\/wp\/v2\/posts\/31695\/revisions"}],"predecessor-version":[{"id":31696,"href":"https:\/\/solidaridadnews.com\/index.php?rest_route=\/wp\/v2\/posts\/31695\/revisions\/31696"}],"wp:featuredmedia":[{"embeddable":true,"href":"https:\/\/solidaridadnews.com\/index.php?rest_route=\/wp\/v2\/media\/31697"}],"wp:attachment":[{"href":"https:\/\/solidaridadnews.com\/index.php?rest_route=%2Fwp%2Fv2%2Fmedia&parent=31695"}],"wp:term":[{"taxonomy":"category","embeddable":true,"href":"https:\/\/solidaridadnews.com\/index.php?rest_route=%2Fwp%2Fv2%2Fcategories&post=31695"},{"taxonomy":"post_tag","embeddable":true,"href":"https:\/\/solidaridadnews.com\/index.php?rest_route=%2Fwp%2Fv2%2Ftags&post=31695"}],"curies":[{"name":"wp","href":"https:\/\/api.w.org\/{rel}","templated":true}]}}