{"id":31691,"date":"2024-02-07T09:57:57","date_gmt":"2024-02-07T14:57:57","guid":{"rendered":"https:\/\/solidaridadnews.com\/?p=31691"},"modified":"2024-02-07T14:57:59","modified_gmt":"2024-02-07T14:57:59","slug":"inegi-medira-el-nearshoring-en-censos-economicos-2024","status":"publish","type":"post","link":"https:\/\/solidaridadnews.com\/?p=31691","title":{"rendered":"Inegi medir\u00e1 el nearshoring en Censos Econ\u00f3micos 2024"},"content":{"rendered":"<p>En el restaurante Marisquer\u00eda Urbana de la Ciudad de M\u00e9xico, el Instituto Nacional de Estad\u00edstica y Geograf\u00eda (Inegi) dio el banderazo de salida al levantamiento de los Censos Econ\u00f3micos 2024, mismo que en la edici\u00f3n de este a\u00f1o incluir\u00e1 una bater\u00eda de preguntas relacionadas con el fen\u00f3meno de relocalizaci\u00f3n de empresas o nearshoring.<\/p>\n<p>&nbsp;<\/p>\n<p>Se trata del ejercicio censal que se realiza cada cinco a\u00f1os y que es la base de las estad\u00edsticas econ\u00f3micas del pa\u00eds, ya que permiten conocer qu\u00e9, cu\u00e1nto, c\u00f3mo, d\u00f3nde y con qu\u00e9 se produce en la econom\u00eda de M\u00e9xico.<\/p>\n<p>&nbsp;<\/p>\n<p>Susana P\u00e9rez Cadena, directora general de Estad\u00edsticas Econ\u00f3micas del Inegi, coment\u00f3 en conferencia que la innovaci\u00f3n sobre la medici\u00f3n del nearshoring estar\u00e1 mediada por preguntas espec\u00edficas sobre el capital social de los negocios, la participaci\u00f3n extranjera y el pa\u00eds de origen, el a\u00f1o de inicio de operaciones, la vinculaci\u00f3n internacional del negocio, y otras que permitir\u00e1n a los usuarios analizar la relocalizaci\u00f3n en el pa\u00eds.<\/p>\n<p>&nbsp;<\/p>\n<p>En este censo tambi\u00e9n se incluir\u00e1n temas del empleo de personas con alguna discapacidad, el uso de la tecnolog\u00eda digital, el origen del agua que usan y el porcentaje de material reciclado.<\/p>\n<p>&nbsp;<\/p>\n<p>Coment\u00f3 que, en general, se recabar\u00e1 informaci\u00f3n sobre la actividad a la que se dedica el negocio, el personal ocupado, las remuneraciones pagadas, la edad, los gastos, valor de la producci\u00f3n, activos fijos, comercio electr\u00f3nico, entre otras m\u00e1s.<\/p>\n<p>&nbsp;<\/p>\n<p>Manifest\u00f3 que la unidad de observaci\u00f3n es el establecimiento, porque permite referenciar la informaci\u00f3n econ\u00f3mica al espacio geogr\u00e1fico donde se llevan a cabo las actividades. Por lo anterior, dijo, se tendr\u00e1n en cuenta s\u00f3lo los establecimientos fijos y semifijos, por lo que el ambulantaje y negocios cuyas instalaciones no est\u00e1n ancladas al suelo no ser\u00e1n censadas.<\/p>\n<p>&nbsp;<\/p>\n<p>Graciela M\u00e1rquez, presidenta del Inegi, afirm\u00f3 que las condiciones de seguridad para el personal entrevistador est\u00e1n garantizadas, ya que se tienen protocolos que se implementan en el cual hay constante comunicaci\u00f3n con las autoridades locales y con las comunidades a las que se pretende llegar.<\/p>\n<p>&nbsp;<\/p>\n<p>A\u00f1adi\u00f3 que se realiza reprogramaci\u00f3n de varias visitas de lugares a los que no se pudo acceder, y que, si de plano no sea posible llegar y recabar informaci\u00f3n, esta situaci\u00f3n se incorporar\u00e1 a los metadatos de los Censos.<\/p>\n<p>&nbsp;<\/p>\n<p>El levantamiento de los Censos Econ\u00f3micos 2024 comenz\u00f3 este 6 de febrero y terminar\u00e1 el 31 de agosto de 2024, en el cual participar\u00e1n aproximadamente 32 mil entrevistadoras, entrevistadores y personal en campo.<\/p>\n<p>&nbsp;<\/p>\n<p>El Inegi prev\u00e9 visitar aproximadamente 6.6 millones de establecimientos.<\/p>\n","protected":false},"excerpt":{"rendered":"<p>En el restaurante Marisquer\u00eda Urbana de la Ciudad de M\u00e9xico, el Instituto Nacional de Estad\u00edstica y Geograf\u00eda (Inegi) dio el banderazo de salida al levantamiento de los Censos Econ\u00f3micos 2024, mismo que en la edici\u00f3n de este a\u00f1o incluir\u00e1 una bater\u00eda de preguntas relacionadas con el fen\u00f3meno de relocalizaci\u00f3n de empresas o nearshoring. &nbsp; Se [&hellip;]<\/p>\n","protected":false},"author":1,"featured_media":31693,"comment_status":"open","ping_status":"closed","sticky":false,"template":"","format":"standard","meta":{"footnotes":""},"categories":[2],"tags":[],"class_list":["post-31691","post","type-post","status-publish","format-standard","has-post-thumbnail","hentry","category-nacional"],"_links":{"self":[{"href":"https:\/\/solidaridadnews.com\/index.php?rest_route=\/wp\/v2\/posts\/31691","targetHints":{"allow":["GET"]}}],"collection":[{"href":"https:\/\/solidaridadnews.com\/index.php?rest_route=\/wp\/v2\/posts"}],"about":[{"href":"https:\/\/solidaridadnews.com\/index.php?rest_route=\/wp\/v2\/types\/post"}],"author":[{"embeddable":true,"href":"https:\/\/solidaridadnews.com\/index.php?rest_route=\/wp\/v2\/users\/1"}],"replies":[{"embeddable":true,"href":"https:\/\/solidaridadnews.com\/index.php?rest_route=%2Fwp%2Fv2%2Fcomments&post=31691"}],"version-history":[{"count":1,"href":"https:\/\/solidaridadnews.com\/index.php?rest_route=\/wp\/v2\/posts\/31691\/revisions"}],"predecessor-version":[{"id":31692,"href":"https:\/\/solidaridadnews.com\/index.php?rest_route=\/wp\/v2\/posts\/31691\/revisions\/31692"}],"wp:featuredmedia":[{"embeddable":true,"href":"https:\/\/solidaridadnews.com\/index.php?rest_route=\/wp\/v2\/media\/31693"}],"wp:attachment":[{"href":"https:\/\/solidaridadnews.com\/index.php?rest_route=%2Fwp%2Fv2%2Fmedia&parent=31691"}],"wp:term":[{"taxonomy":"category","embeddable":true,"href":"https:\/\/solidaridadnews.com\/index.php?rest_route=%2Fwp%2Fv2%2Fcategories&post=31691"},{"taxonomy":"post_tag","embeddable":true,"href":"https:\/\/solidaridadnews.com\/index.php?rest_route=%2Fwp%2Fv2%2Ftags&post=31691"}],"curies":[{"name":"wp","href":"https:\/\/api.w.org\/{rel}","templated":true}]}}