{"id":31688,"date":"2024-02-07T09:50:54","date_gmt":"2024-02-07T14:50:54","guid":{"rendered":"https:\/\/solidaridadnews.com\/?p=31688"},"modified":"2024-02-07T14:50:56","modified_gmt":"2024-02-07T14:50:56","slug":"fin-de-alianza-delta-aeromexico-afectara-la-conectividad-aerea","status":"publish","type":"post","link":"https:\/\/solidaridadnews.com\/?p=31688","title":{"rendered":"Fin de alianza Delta-Aerom\u00e9xico afectar\u00e1 la conectividad a\u00e9rea"},"content":{"rendered":"<p>La posible disoluci\u00f3n de la alianza entre Delta Air Lines y Aerom\u00e9xico afectar\u00e1 la conectividad a\u00e9rea y a los pasajeros que viajan entre M\u00e9xico y Estados Unidos, afirm\u00f3 la C\u00e1mara Nacional de Aerotransportes (Canaero).<\/p>\n<p>&nbsp;<\/p>\n<p>La Canaero alerta a los pasajeros, empleados, sindicatos y autoridades de M\u00e9xico y Estados Unidos, que de confirmarse la decisi\u00f3n del Departamento de Transporte (DOT) de terminar su aprobaci\u00f3n al Acuerdo de Colaboraci\u00f3n Conjunta (JCA),existente desde 2017, entre Aerom\u00e9xico y Delta Air Lines, habr\u00e1 una afectaci\u00f3n grave a los usuarios del transporte a\u00e9reo entre ambos pa\u00edses, a las rutas y frecuencias existentes, as\u00ed como fuentes de empleo, afectando a millones de pasajeros, desarrollo de negocios y cadenas de suministros\u201d, expres\u00f3 en un comunicado.<\/p>\n<p>&nbsp;<\/p>\n<p>Seg\u00fan el organismo, que engloba a 45 miembros entre los que est\u00e1n aerol\u00edneas, empresas cargueras y taxis a\u00e9reos, desde 2017 a la fecha se crearon m\u00e1s de 20 rutas nuevas entre ambos pa\u00edses, los asientos ofrecidos pasaron de 3.1 a 4.6 millones y el tr\u00e1fico aument\u00f3 en 7.5 millones de pasajeros.<\/p>\n<p>&nbsp;<\/p>\n<p>De concretarse la cancelaci\u00f3n del acuerdo de colaboraci\u00f3n entre ambas aerol\u00edneas, los principales afectados ser\u00e1n los usuarios y trabajadores, pero como consecuencia de ello tambi\u00e9n toda la cadena de valor de viajes como rutas, destinos, hoteles, restaurantes, agencias de viajes y touroperadores por citar algunos\u201d.<\/p>\n<p>&nbsp;<\/p>\n<p>La Canaero enfatiz\u00f3 en que los acuerdos de colaboraci\u00f3n entre l\u00edneas a\u00e9reas permiten ofrecer a los usuarios precios m\u00e1s bajos porque a trav\u00e9s de sinergias las empresas incrementan la eficiencia operativa, reducen costos y con ello ampl\u00edan su red de rutas, destinos, mejorando los horarios de vuelos, tiempos de viaje y en general el servicio y beneficios hacia los pasajeros. En el caso de Aerom\u00e9xico y Delta Air Lines han atendido desde 2017 a m\u00e1s de 45 millones de pasajeros. Agreg\u00f3 que los acuerdos como el de dichas aerol\u00edneas tambi\u00e9n permiten mayor ocupaci\u00f3n de asientos en cada avi\u00f3n, lo que se traduce en una menor emisi\u00f3n de CO2 por pasajero.<\/p>\n<p>&nbsp;<\/p>\n<p>De acuerdo con el organismo, en 2023, si se toman en consideraci\u00f3n las rutas m\u00e1s transitadas entre M\u00e9xico y Estados Unidos, los precios reales promedio bajaron casi 15% respecto del 2022, a pesar de que el tr\u00e1fico de pasajeros aument\u00f3 casi 22% en los \u00faltimos 4 a\u00f1os.<\/p>\n<p>&nbsp;<\/p>\n<p>La Canaero hace un llamado urgente y respetuoso a las autoridades de M\u00e9xico y Estados Unidos para que el tema se analice a fondo y poniendo como prioridad a los usuarios y trabajadores, gracias a los cuales es posible un desarrollo sostenible y digno para ambos pa\u00edses.<\/p>\n","protected":false},"excerpt":{"rendered":"<p>La posible disoluci\u00f3n de la alianza entre Delta Air Lines y Aerom\u00e9xico afectar\u00e1 la conectividad a\u00e9rea y a los pasajeros que viajan entre M\u00e9xico y Estados Unidos, afirm\u00f3 la C\u00e1mara Nacional de Aerotransportes (Canaero). &nbsp; La Canaero alerta a los pasajeros, empleados, sindicatos y autoridades de M\u00e9xico y Estados Unidos, que de confirmarse la decisi\u00f3n [&hellip;]<\/p>\n","protected":false},"author":1,"featured_media":31690,"comment_status":"open","ping_status":"closed","sticky":false,"template":"","format":"standard","meta":{"footnotes":""},"categories":[2],"tags":[],"class_list":["post-31688","post","type-post","status-publish","format-standard","has-post-thumbnail","hentry","category-nacional"],"_links":{"self":[{"href":"https:\/\/solidaridadnews.com\/index.php?rest_route=\/wp\/v2\/posts\/31688","targetHints":{"allow":["GET"]}}],"collection":[{"href":"https:\/\/solidaridadnews.com\/index.php?rest_route=\/wp\/v2\/posts"}],"about":[{"href":"https:\/\/solidaridadnews.com\/index.php?rest_route=\/wp\/v2\/types\/post"}],"author":[{"embeddable":true,"href":"https:\/\/solidaridadnews.com\/index.php?rest_route=\/wp\/v2\/users\/1"}],"replies":[{"embeddable":true,"href":"https:\/\/solidaridadnews.com\/index.php?rest_route=%2Fwp%2Fv2%2Fcomments&post=31688"}],"version-history":[{"count":1,"href":"https:\/\/solidaridadnews.com\/index.php?rest_route=\/wp\/v2\/posts\/31688\/revisions"}],"predecessor-version":[{"id":31689,"href":"https:\/\/solidaridadnews.com\/index.php?rest_route=\/wp\/v2\/posts\/31688\/revisions\/31689"}],"wp:featuredmedia":[{"embeddable":true,"href":"https:\/\/solidaridadnews.com\/index.php?rest_route=\/wp\/v2\/media\/31690"}],"wp:attachment":[{"href":"https:\/\/solidaridadnews.com\/index.php?rest_route=%2Fwp%2Fv2%2Fmedia&parent=31688"}],"wp:term":[{"taxonomy":"category","embeddable":true,"href":"https:\/\/solidaridadnews.com\/index.php?rest_route=%2Fwp%2Fv2%2Fcategories&post=31688"},{"taxonomy":"post_tag","embeddable":true,"href":"https:\/\/solidaridadnews.com\/index.php?rest_route=%2Fwp%2Fv2%2Ftags&post=31688"}],"curies":[{"name":"wp","href":"https:\/\/api.w.org\/{rel}","templated":true}]}}