{"id":31676,"date":"2024-02-06T11:01:50","date_gmt":"2024-02-06T16:01:50","guid":{"rendered":"https:\/\/solidaridadnews.com\/?p=31676"},"modified":"2024-02-06T16:02:10","modified_gmt":"2024-02-06T16:02:10","slug":"los-esquivel-de-tiktok-para-el-mundo","status":"publish","type":"post","link":"https:\/\/solidaridadnews.com\/?p=31676","title":{"rendered":"Los Esquivel, de TikTok para el mundo"},"content":{"rendered":"<p>Para los j\u00f3venes m\u00fasicos Sebasti\u00e1n y Eugenio Esquivel, mejor conocidos como el d\u00fao de corridos b\u00e9licos Los Esquivel, TikTok fue la oportunidad de exponer su propuesta musical.<\/p>\n<p>El alcance fue tal que su sencillo\u00a0Alucin, junto al grupo Marca Registrada, cuenta con 3.2 millones de visualizaciones en YouTube, desde el estreno del video el 17 de noviembre de 2023.<\/p>\n<p>\u201c\u00a1Se me hace incre\u00edble! Yo siento que (TikTok) ha cambiado la vida de muchos artistas y ha hecho que se haga m\u00e1s f\u00e1cil que se conozcan los artistas. Aparte, nosotros salimos de TikTok. Siempre empezamos con el sue\u00f1o de la m\u00fasica y trabajamos en ella antes que TikTok, pero fue una plataforma que nos ayud\u00f3 a impulsarnos bastante\u201d, se\u00f1al\u00f3 Sebasti\u00e1n Esquivel en entrevista con\u00a0Exc\u00e9lsior, en una visita a las instalaciones de\u00a0Ciudad Imagen.<\/p>\n<p>Para el m\u00fasico, lo que ha pasado con\u00a0Alucin\u00a0ha sido una grata sorpresa.<\/p>\n<p>\u201cSiento que, a veces, no dimensionamos tanto el golpe que ha sido esa canci\u00f3n, pero ver el video y los\u00a0trends\u00a0(tendencias) y la gente utilizando el audio en TikTok son miles \u00a1de miles!\u201d, dijo.<\/p>\n<p>Su hermano Eugenio Esquivel a\u00f1adi\u00f3 que los artistas antes se daban a conocer a trav\u00e9s de la televisi\u00f3n, pero que eso cambi\u00f3 precisamente con las redes sociales.<\/p>\n<p>\u201cCuando vamos a dar eventos, la aclamaci\u00f3n del p\u00fablico ante esa canci\u00f3n es impresionante. Gritan cuando empieza y hemos visto argentinas, espa\u00f1olas, gente de muchas partes del mundo. \u00a1Hasta Corea lleg\u00f3! Gente de Europa, de Rusia, de Asia. \u00a1Ha sido una locura, la neta! Haciendo el\u00a0trend\u201d, destac\u00f3 Eugenio.<\/p>\n<p>Sebasti\u00e1n destac\u00f3 que\u00a0Alucin\u00a0surgi\u00f3 con un equipo de compositores en Monterrey. Eran alrededor de seis personas divididas en grupos y esa fue la \u00faltima canci\u00f3n.<\/p>\n<p>\u201cYa nos hab\u00edamos salido del estudio y uno de los chavos nos dijo: \u2018hace falta una rola que tengo en la cabeza, vamos a darle\u2019. Eugenio y yo ya est\u00e1bamos cansados, pero le dimos al tema la oportunidad y escuchamos \u2018me dicen alucin\u2019. Desde que dijo eso, dije: \u2018\u00a1ah suena interesante!\u2019. Y la canci\u00f3n sali\u00f3 como en 20 minutos.<\/p>\n<p>\u201cEl tema Iba a ser regional al principio, pero se mont\u00f3 un productor espa\u00f1ol y lo hizo como electrocorrido y usamos el acorde\u00f3n\u201d, acot\u00f3.<\/p>\n<p>La letra cita \u201cme dicen alucin \/ lou-lou y las pacas \/ excesos y la fama\u201d, as\u00ed como \u201cno s\u00e9 qu\u00e9 pas\u00f3 ayer \/ me pegu\u00e9 un pase y la peda conect\u00e9\u201d. Acerca de su composici\u00f3n, el d\u00fao explic\u00f3.<\/p>\n<p>\u201cUna parte de la letra, que mucha gente no sabe viene de la pel\u00edcula\u00a0\u00bfQu\u00e9 pas\u00f3 ayer?,\u00a0de 2009. Los personajes despertaban en Las Vegas sin saber qu\u00e9 hab\u00eda pasado.<\/p>\n<p>\u201c\u00bfS\u00ed se habla de droga o narco? No tanto as\u00ed, es algo m\u00e1s general. Es b\u00e9lico, lo dem\u00e1s no estuvo como m\u00e1s pensado, sino que fue natural. No le \u00edbamos a meter eso, porque pensamos que no iba a ser tan convincente, pero es muy pegajoso\u201d, precis\u00f3 Sebasti\u00e1n.<\/p>\n<p>Los Esquivel fueron nominados al Premio Lo Nuestro como Artista revelaci\u00f3n regional mexicano y en los Premios TikTok, tambi\u00e9n fueron candidatos en Artista revelaci\u00f3n del a\u00f1o y\u00a0Trend\u00a0del a\u00f1o por\u00a0Alucin. Los exponentes son parte del cartel Tecate Pa\u2019l Norte, el 30 de marzo pr\u00f3ximo.<\/p>\n<p>\u201cSi llegamos a ganar algo, ahora en los Premios Los Nuestro, pues qu\u00e9 ching\u00f3n. Lo que queremos es llegar a mucha gente e inspirar a los artistas j\u00f3venes para que el den con todo. Se trata de ser constante\u201d, afirm\u00f3 Eugenio.<\/p>\n<p>El d\u00fao cuenta con canciones como\u00a0B\u00e9lico\u00a0y\u00a0Cholo,\u00a0Prendo un gallo\u00a0y\u00a0RZR rojo, los cuales sonar\u00e1n en Monterrey en su pr\u00f3xima presentaci\u00f3n en el pa\u00eds.<\/p>\n<p>El dato<\/p>\n<ul>\n<li>Sebasti\u00e1n siempre quiso ser m\u00fasico, mientras que Eugenio tambi\u00e9n tiene la idea de incursionar en la actuaci\u00f3n.<\/li>\n<\/ul>\n","protected":false},"excerpt":{"rendered":"<p>Para los j\u00f3venes m\u00fasicos Sebasti\u00e1n y Eugenio Esquivel, mejor conocidos como el d\u00fao de corridos b\u00e9licos Los Esquivel, TikTok fue la oportunidad de exponer su propuesta musical. El alcance fue tal que su sencillo\u00a0Alucin, junto al grupo Marca Registrada, cuenta con 3.2 millones de visualizaciones en YouTube, desde el estreno del video el 17 de [&hellip;]<\/p>\n","protected":false},"author":1,"featured_media":31678,"comment_status":"open","ping_status":"closed","sticky":false,"template":"","format":"standard","meta":{"footnotes":""},"categories":[3],"tags":[],"class_list":["post-31676","post","type-post","status-publish","format-standard","has-post-thumbnail","hentry","category-espectaculos"],"_links":{"self":[{"href":"https:\/\/solidaridadnews.com\/index.php?rest_route=\/wp\/v2\/posts\/31676","targetHints":{"allow":["GET"]}}],"collection":[{"href":"https:\/\/solidaridadnews.com\/index.php?rest_route=\/wp\/v2\/posts"}],"about":[{"href":"https:\/\/solidaridadnews.com\/index.php?rest_route=\/wp\/v2\/types\/post"}],"author":[{"embeddable":true,"href":"https:\/\/solidaridadnews.com\/index.php?rest_route=\/wp\/v2\/users\/1"}],"replies":[{"embeddable":true,"href":"https:\/\/solidaridadnews.com\/index.php?rest_route=%2Fwp%2Fv2%2Fcomments&post=31676"}],"version-history":[{"count":1,"href":"https:\/\/solidaridadnews.com\/index.php?rest_route=\/wp\/v2\/posts\/31676\/revisions"}],"predecessor-version":[{"id":31677,"href":"https:\/\/solidaridadnews.com\/index.php?rest_route=\/wp\/v2\/posts\/31676\/revisions\/31677"}],"wp:featuredmedia":[{"embeddable":true,"href":"https:\/\/solidaridadnews.com\/index.php?rest_route=\/wp\/v2\/media\/31678"}],"wp:attachment":[{"href":"https:\/\/solidaridadnews.com\/index.php?rest_route=%2Fwp%2Fv2%2Fmedia&parent=31676"}],"wp:term":[{"taxonomy":"category","embeddable":true,"href":"https:\/\/solidaridadnews.com\/index.php?rest_route=%2Fwp%2Fv2%2Fcategories&post=31676"},{"taxonomy":"post_tag","embeddable":true,"href":"https:\/\/solidaridadnews.com\/index.php?rest_route=%2Fwp%2Fv2%2Ftags&post=31676"}],"curies":[{"name":"wp","href":"https:\/\/api.w.org\/{rel}","templated":true}]}}