{"id":31673,"date":"2024-02-06T10:22:45","date_gmt":"2024-02-06T15:22:45","guid":{"rendered":"https:\/\/solidaridadnews.com\/?p=31673"},"modified":"2024-02-06T15:22:47","modified_gmt":"2024-02-06T15:22:47","slug":"exigen-transportistas-freno-a-la-violencia-en-carreteras","status":"publish","type":"post","link":"https:\/\/solidaridadnews.com\/?p=31673","title":{"rendered":"Exigen transportistas freno a la violencia en carreteras"},"content":{"rendered":"<p>Transportistas de nueve estados del pa\u00eds se unieron este lunes en una protesta nacional para exigir a las autoridades federales m\u00e1s seguridad en las carreteras.<\/p>\n<p>Las movilizaciones se llevaron a cabo en v\u00edas y accesos carreteros de Veracruz, Quer\u00e9taro, Guanajuato, Jalisco, Chiapas, Sinaloa, Chihuahua, Michoac\u00e1n y Estado de M\u00e9xico. En todos los casos, la demanda fue m\u00e1s seguridad en las carreteras ante los constantes asaltos a camiones de carga.<\/p>\n<p>Tambi\u00e9n denunciaron secuestro de unidades, actos de hostigamiento, extorsi\u00f3n y asesinatos de choferes y exigieron resultados a la Guardia Nacional<\/p>\n<p>&nbsp;<\/p>\n<p>Las movilizaciones consistieron en cierres parciales o intermitentes de vialidades desde las ocho de la ma\u00f1ana y se retiraron entre las 13 y las 15 horas. No hubo afectaciones mayores a la circulaci\u00f3n.<\/p>\n<p>En Quer\u00e9taro, transportistas pertenecientes a la Federaci\u00f3n Mexicoamerica de Transportistas (Fematrac) se manifestaron sobre la carretera M\u00e9xico-Quer\u00e9taro, a la altura de San Juan del R\u00edo.<\/p>\n<p>En Guanajuato, una caravana de m\u00e1s de 50 traileros sali\u00f3 de la Puerta Milenio, en torno de la sede de la Guardia Nacional y tomaron la carretera Le\u00f3n-Irapuato. En la movilizaci\u00f3n llevaron un ata\u00fad como s\u00edmbolo de la p\u00e9rdida de vidas de sus compa\u00f1eros.<\/p>\n<p>\u201cSe\u00f1or Presidente, la seguridad no se vende, es un derecho, es un falso comunicado que sacaron, quer\u00edan distorsionar y disuadir para no manifestarnos\u201d, asever\u00f3 Irma Serrano, vicepresidenta de la Federaci\u00f3n Mexicoamericana de Transporte de Carga en Guanajuato.<\/p>\n<p>\u201cParo nacional de transporte, todos unidos contra la inseguridad y falta de vigilancia por parte de la Guardia Nacional, polic\u00eda estatal y municipal. No queremos m\u00e1s conductores secuestrados, golpeados y muertos. Basta de asaltos en las carreteras que terminan con el patrimonio de muchos y las autoridades no act\u00faan\u201d, expresaron los manifestantes, entre los que se contaban conductores del transporte de pasajeros, camiones torton, gr\u00faas y de volteo.<\/p>\n<p>En Chiapas, integrantes de la Alianza Mexicana de Transportistas (Amtac), que incluye a transporte de turismo y de carga, se manifestaron en los municipios de Tapachula, Comit\u00e1n y San Crist\u00f3bal de las Casas, donde los automovilistas particulares, de pasaje y otros transportistas pudieron circular con normalidad.<\/p>\n<p>\u201cHemos querido hasta bloquear [las carreteras], pero si estamos peleando el libre tr\u00e1nsito no se vale [hacer esto]\u201d, dijo un manifestante que encabez\u00f3 un grupo de transportistas que se apostaron en el kil\u00f3metro 45 de la v\u00eda de cuota San Crist\u00f3bal de las Casas-Chiapas.<\/p>\n<p>Del otro lado del pa\u00eds, en Chihuahua, las protestas tuvieron lugar en la ciudad de Chihuahua, en la carretera a Delicias, y en Ciudad Ju\u00e1rez, cerca de la frontera.<\/p>\n<p>Edgar Olivas, delegado de Conatram en Chihuahua, explic\u00f3 que en el pa\u00eds se registran hasta 49 asaltos al d\u00eda, as\u00ed como nueve asesinatos de choferes, por lo cual su exigencia fue hacia el gobierno federal y la Guardia Nacional para que les garantice la seguridad.<\/p>\n<p>En Sinaloa, los bloqueos fueron en la carretera M\u00e9xico-Nogales, en el tramo de las Brisas, as\u00ed como en Guasave y Mazatl\u00e1n.<\/p>\n<p>Jos\u00e9 Abelino Guerrero Ch\u00e1vez, consejero de la Organizaci\u00f3n Integradora de Derechos Convencionales, A.C, (Indeco), reclam\u00f3 que no se percibe la presencia de la Guardia Nacional en las carreteras, donde los asaltos y homicidios de choferes han crecido, sin que se observe una acci\u00f3n concreta de seguridad por parte del gobierno federal.<\/p>\n<p>En Jalisco, la protesta se registr\u00f3 en el kil\u00f3metro 40 de la carretera Guadalajara-Colima, con la presencia de varias decenas de camiones de carga en los acotamientos.<\/p>\n<p>En Michoac\u00e1n tuvo lugar sobre la Autopista Siglo XXI, en el municipio de L\u00e1zaro C\u00e1rdenas, sin afectar a otros conductores.<\/p>\n<p>En Veracruz, las protestas se llevaron a cabo en la regi\u00f3n sur y centro de la entidad. Iniciaron con circulaciones lentas y cierres de entronques carreteros en las ciudades de C\u00f3rdoba, Orizaba, Fort\u00edn, Coatzacoalcos y Minatitl\u00e1n.<\/p>\n<p>En el Estado de M\u00e9xico, transportistas realizaron bloqueos para protestar por la inseguridad que se vive en las autopistas del pa\u00eds.<\/p>\n<p>En Tepoztotl\u00e1n, \u201c\u00a1seguridad!\u201d, pidieron transportistas en la autopista M\u00e9xico-Quer\u00e9taro, quienes se manifestaron en las inmediaciones de la caseta de cobro con direcci\u00f3n a tierras queretanas por cerca de cuatro horas y media. Autoridades de Caminos y Puentes Federales reportaron la reducci\u00f3n de carriles por la presencia de manifestantes.<\/p>\n<p>La protesta que seg\u00fan el gobierno federal se hab\u00eda evitado con la instalaci\u00f3n de mesas de di\u00e1logo inici\u00f3 cerca de las 8 de la ma\u00f1ana y concluy\u00f3 a las 12:30 horas en carriles de la autopista de cuota con direcci\u00f3n a Quer\u00e9taro; en sentido contrario, es decir, hacia la Ciudad de M\u00e9xico, la circulaci\u00f3n fue normal.<\/p>\n<p>Choferes con unos 15 camiones exigieron seguridad en una protesta que obstruy\u00f3 tres carriles, dejando libre s\u00f3lo uno para el paso de veh\u00edculos en las inmediaciones de la caseta de cobro de Tepotzotl\u00e1n, con direcci\u00f3n a Quer\u00e9taro.<\/p>\n<p>&nbsp;<\/p>\n<p>&nbsp;<\/p>\n<p>&nbsp;<\/p>\n<p>&nbsp;<\/p>\n<p>&nbsp;<\/p>\n","protected":false},"excerpt":{"rendered":"<p>Transportistas de nueve estados del pa\u00eds se unieron este lunes en una protesta nacional para exigir a las autoridades federales m\u00e1s seguridad en las carreteras. Las movilizaciones se llevaron a cabo en v\u00edas y accesos carreteros de Veracruz, Quer\u00e9taro, Guanajuato, Jalisco, Chiapas, Sinaloa, Chihuahua, Michoac\u00e1n y Estado de M\u00e9xico. En todos los casos, la demanda [&hellip;]<\/p>\n","protected":false},"author":1,"featured_media":31675,"comment_status":"open","ping_status":"closed","sticky":false,"template":"","format":"standard","meta":{"footnotes":""},"categories":[2],"tags":[],"class_list":["post-31673","post","type-post","status-publish","format-standard","has-post-thumbnail","hentry","category-nacional"],"_links":{"self":[{"href":"https:\/\/solidaridadnews.com\/index.php?rest_route=\/wp\/v2\/posts\/31673","targetHints":{"allow":["GET"]}}],"collection":[{"href":"https:\/\/solidaridadnews.com\/index.php?rest_route=\/wp\/v2\/posts"}],"about":[{"href":"https:\/\/solidaridadnews.com\/index.php?rest_route=\/wp\/v2\/types\/post"}],"author":[{"embeddable":true,"href":"https:\/\/solidaridadnews.com\/index.php?rest_route=\/wp\/v2\/users\/1"}],"replies":[{"embeddable":true,"href":"https:\/\/solidaridadnews.com\/index.php?rest_route=%2Fwp%2Fv2%2Fcomments&post=31673"}],"version-history":[{"count":1,"href":"https:\/\/solidaridadnews.com\/index.php?rest_route=\/wp\/v2\/posts\/31673\/revisions"}],"predecessor-version":[{"id":31674,"href":"https:\/\/solidaridadnews.com\/index.php?rest_route=\/wp\/v2\/posts\/31673\/revisions\/31674"}],"wp:featuredmedia":[{"embeddable":true,"href":"https:\/\/solidaridadnews.com\/index.php?rest_route=\/wp\/v2\/media\/31675"}],"wp:attachment":[{"href":"https:\/\/solidaridadnews.com\/index.php?rest_route=%2Fwp%2Fv2%2Fmedia&parent=31673"}],"wp:term":[{"taxonomy":"category","embeddable":true,"href":"https:\/\/solidaridadnews.com\/index.php?rest_route=%2Fwp%2Fv2%2Fcategories&post=31673"},{"taxonomy":"post_tag","embeddable":true,"href":"https:\/\/solidaridadnews.com\/index.php?rest_route=%2Fwp%2Fv2%2Ftags&post=31673"}],"curies":[{"name":"wp","href":"https:\/\/api.w.org\/{rel}","templated":true}]}}