{"id":31658,"date":"2024-02-05T11:26:14","date_gmt":"2024-02-05T16:26:14","guid":{"rendered":"https:\/\/solidaridadnews.com\/?p=31658"},"modified":"2024-02-05T16:26:15","modified_gmt":"2024-02-05T16:26:15","slug":"celine-dion-reaparece-en-publico-tras-diagnostico-de-sindrome-de-persona-rigida","status":"publish","type":"post","link":"https:\/\/solidaridadnews.com\/?p=31658","title":{"rendered":"C\u00e9line Dion reaparece en p\u00fablico tras diagn\u00f3stico de s\u00edndrome de persona r\u00edgida"},"content":{"rendered":"<p>En una aparici\u00f3n sorpresa que dej\u00f3 al p\u00fablico de los Premios Grammy 2024 en estado de asombro, Celine Dion regres\u00f3 al escenario para entregar el codiciado premio al \u00c1lbum del A\u00f1o. La ic\u00f3nica cantante, que ha estado fuera del centro de atenci\u00f3n desde que revel\u00f3 su diagn\u00f3stico de s\u00edndrome de persona r\u00edgida en diciembre de 2022, fue recibida con una ovaci\u00f3n de pie por la audiencia.<\/p>\n<p>Celine Dion emergi\u00f3 al final de la ceremonia, culminando as\u00ed una noche llena de emociones y destacadas actuaciones. Taylor Swift, quien estaba en el escenario en ese momento, interpret\u00f3 \u00abThe Power of Love\u00bb mientras Dion avanzaba hacia el micr\u00f3fono. Con una presencia radiante, Dion expres\u00f3 su agradecimiento y afecto antes de anunciar a Taylor Swift como la ganadora del \u00c1lbum del A\u00f1o por su obra maestra \u00abMidnights\u00bb.<\/p>\n<p>\u00ab\u00a1Gracias a todos! Te amo tambi\u00e9n\u00bb, expres\u00f3 Dion con gratitud. \u00abEst\u00e1s preciosa. Cuando digo que estoy feliz de estar aqu\u00ed, lo digo de coraz\u00f3n. Aquellos que han tenido la suerte de estar aqu\u00ed en los premios Grammy nunca deben dar por sentado el tremendo amor y alegr\u00eda que la m\u00fasica trae a nuestras vidas y a las personas de todo el mundo\u00bb.<\/p>\n<p>La aparici\u00f3n de Celine Dion marc\u00f3 un momento emocional para la industria de la m\u00fasica y sus fan\u00e1ticos, ya que la artista se ha mantenido fuera del escenario desde que anunci\u00f3 su diagn\u00f3stico. Claudette Dion, hermana de Celine, ha sido la encargada de mantener a los seguidores informados sobre la condici\u00f3n de la artista.<\/p>\n<p>El s\u00edndrome de la persona r\u00edgida<br \/>\nEn una entrevista con la revista francesa 7 Jours en diciembre pasado, Claudette comparti\u00f3 detalles sobre c\u00f3mo el s\u00edndrome de persona r\u00edgida ha afectado la vida de Celine. La enfermedad ha impactado su capacidad para caminar y cantar, lo que llev\u00f3 a la suspensi\u00f3n de todas sus presentaciones en vivo y giras programadas.<\/p>\n<p>A pesar de las limitaciones f\u00edsicas impuestas por la enfermedad, Celine Dion ha mostrado una valiente resiliencia. Su \u00faltima aparici\u00f3n en p\u00fablico fue en noviembre de 2023, cuando asisti\u00f3 a la residencia de Katy Perry en Las Vegas en el Resorts World Theatre. Las im\u00e1genes la capturaron tambi\u00e9n disfrutando de un partido de hockey de la NHL entre los Montreal Canadiens y los Golden Knights de Las Vegas en el T-Mobile Arena.<\/p>\n<p>La noticia del reciente documental sobre Dion, titulado \u00abI Am: Celine Dion\u00bb, a\u00f1ade un nuevo cap\u00edtulo a su impactante carrera. Amazon MGM anunci\u00f3 la adquisici\u00f3n de este proyecto, que documenta la lucha de Dion contra el s\u00edndrome de persona r\u00edgida durante aproximadamente un a\u00f1o. Dion espera que el documental genere conciencia sobre esta poco conocida condici\u00f3n y ofrezca apoyo a quienes comparten su diagn\u00f3stico.<\/p>\n","protected":false},"excerpt":{"rendered":"<p>En una aparici\u00f3n sorpresa que dej\u00f3 al p\u00fablico de los Premios Grammy 2024 en estado de asombro, Celine Dion regres\u00f3 al escenario para entregar el codiciado premio al \u00c1lbum del A\u00f1o. La ic\u00f3nica cantante, que ha estado fuera del centro de atenci\u00f3n desde que revel\u00f3 su diagn\u00f3stico de s\u00edndrome de persona r\u00edgida en diciembre de [&hellip;]<\/p>\n","protected":false},"author":1,"featured_media":31660,"comment_status":"open","ping_status":"closed","sticky":false,"template":"","format":"standard","meta":{"footnotes":""},"categories":[3],"tags":[],"class_list":["post-31658","post","type-post","status-publish","format-standard","has-post-thumbnail","hentry","category-espectaculos"],"_links":{"self":[{"href":"https:\/\/solidaridadnews.com\/index.php?rest_route=\/wp\/v2\/posts\/31658","targetHints":{"allow":["GET"]}}],"collection":[{"href":"https:\/\/solidaridadnews.com\/index.php?rest_route=\/wp\/v2\/posts"}],"about":[{"href":"https:\/\/solidaridadnews.com\/index.php?rest_route=\/wp\/v2\/types\/post"}],"author":[{"embeddable":true,"href":"https:\/\/solidaridadnews.com\/index.php?rest_route=\/wp\/v2\/users\/1"}],"replies":[{"embeddable":true,"href":"https:\/\/solidaridadnews.com\/index.php?rest_route=%2Fwp%2Fv2%2Fcomments&post=31658"}],"version-history":[{"count":1,"href":"https:\/\/solidaridadnews.com\/index.php?rest_route=\/wp\/v2\/posts\/31658\/revisions"}],"predecessor-version":[{"id":31659,"href":"https:\/\/solidaridadnews.com\/index.php?rest_route=\/wp\/v2\/posts\/31658\/revisions\/31659"}],"wp:featuredmedia":[{"embeddable":true,"href":"https:\/\/solidaridadnews.com\/index.php?rest_route=\/wp\/v2\/media\/31660"}],"wp:attachment":[{"href":"https:\/\/solidaridadnews.com\/index.php?rest_route=%2Fwp%2Fv2%2Fmedia&parent=31658"}],"wp:term":[{"taxonomy":"category","embeddable":true,"href":"https:\/\/solidaridadnews.com\/index.php?rest_route=%2Fwp%2Fv2%2Fcategories&post=31658"},{"taxonomy":"post_tag","embeddable":true,"href":"https:\/\/solidaridadnews.com\/index.php?rest_route=%2Fwp%2Fv2%2Ftags&post=31658"}],"curies":[{"name":"wp","href":"https:\/\/api.w.org\/{rel}","templated":true}]}}