{"id":31652,"date":"2024-02-05T09:44:35","date_gmt":"2024-02-05T14:44:35","guid":{"rendered":"https:\/\/solidaridadnews.com\/?p=31652"},"modified":"2024-02-05T14:44:36","modified_gmt":"2024-02-05T14:44:36","slug":"deco-elogia-el-trabajo-de-rafa-marquez-es-un-entrenador-joven-que-se-crece-ante-las-dificultades","status":"publish","type":"post","link":"https:\/\/solidaridadnews.com\/?p=31652","title":{"rendered":"Deco elogia el trabajo de Rafa M\u00e1rquez: \u00abEs un entrenador joven que se crece ante las dificultades\u00bb"},"content":{"rendered":"<p>Xavi Hern\u00e1ndez anunci\u00f3 su salida del FC Barcelona para el final de la temporada 2023-2024, desde ese momento varios nombres han sonado para sustituir a quien, como jugador, se convirti\u00f3 en toda una leyenda del cuadro blaugrana, entre los que destaca el nombre del exzaguero mexicano Rafael M\u00e1rquez.<\/p>\n<p>M\u00e1rquez, que dirige al Bar\u00e7a Athletic, ha sido criticado en los \u00faltimos d\u00edas luego de dar a conocer sus intenciones luego del anuncio de Xavi Hern\u00e1ndez, algo que no todos ven con recelo en el club, empezando por el Director Deportivo y excompa\u00f1ero de &#8216;El K\u00e1iser&#8217; en el cuadro catal\u00e1n: Deco.<\/p>\n<p>En una entrevista con La Vanguardia, el exjugador portugu\u00e9s asegur\u00f3 que a ellos les sirve que M\u00e1rquez est\u00e9 dirigiendo al Barcelona B, pues ven su trabajo y han visto como crece d\u00eda con d\u00eda y como va sorteando las dificultades que representa entrenar a un equipo como el Bar\u00e7a.<\/p>\n<p>\u00abA M\u00e1rquez lo sigo porque est\u00e1 aqu\u00ed. Es un entrenador joven que se est\u00e1 creciendo delante de las dificultades, estar aqu\u00ed le har\u00e1 mejor entrenador. El que venga tiene que seguir una l\u00ednea de trabajo, dif\u00edcilmente seremos un equipo que no quiera jugar bien, que no quiera tener el bal\u00f3n. Partiendo de esa idea, cada entrenador tiene sus caracter\u00edsticas, pero el que venga tiene que tener ambici\u00f3n y hambre para hacer grandes cosas\u00bb, coment\u00f3 Deco.<\/p>\n<p>As\u00ed mismo, el Director Deportivo habl\u00f3 sobre el Caso Negreira y sobre su experiencia como jugador del cuadro catal\u00e1n.<\/p>\n<p>\u00abYo me sent\u00eda ayudado por los goles de Samuel, por las jugadas de Ronnie, las de Iniesta, las de Xavi, las paradas de Vald\u00e9s, los cortes de Puyol, los cambios de juego de M\u00e1rquez\u2026 No creo en ese tipo de influencias\u00bb, finaliz\u00f3.<\/p>\n","protected":false},"excerpt":{"rendered":"<p>Xavi Hern\u00e1ndez anunci\u00f3 su salida del FC Barcelona para el final de la temporada 2023-2024, desde ese momento varios nombres han sonado para sustituir a quien, como jugador, se convirti\u00f3 en toda una leyenda del cuadro blaugrana, entre los que destaca el nombre del exzaguero mexicano Rafael M\u00e1rquez. M\u00e1rquez, que dirige al Bar\u00e7a Athletic, ha [&hellip;]<\/p>\n","protected":false},"author":1,"featured_media":31654,"comment_status":"open","ping_status":"closed","sticky":false,"template":"","format":"standard","meta":{"footnotes":""},"categories":[6],"tags":[],"class_list":["post-31652","post","type-post","status-publish","format-standard","has-post-thumbnail","hentry","category-deportes"],"_links":{"self":[{"href":"https:\/\/solidaridadnews.com\/index.php?rest_route=\/wp\/v2\/posts\/31652","targetHints":{"allow":["GET"]}}],"collection":[{"href":"https:\/\/solidaridadnews.com\/index.php?rest_route=\/wp\/v2\/posts"}],"about":[{"href":"https:\/\/solidaridadnews.com\/index.php?rest_route=\/wp\/v2\/types\/post"}],"author":[{"embeddable":true,"href":"https:\/\/solidaridadnews.com\/index.php?rest_route=\/wp\/v2\/users\/1"}],"replies":[{"embeddable":true,"href":"https:\/\/solidaridadnews.com\/index.php?rest_route=%2Fwp%2Fv2%2Fcomments&post=31652"}],"version-history":[{"count":1,"href":"https:\/\/solidaridadnews.com\/index.php?rest_route=\/wp\/v2\/posts\/31652\/revisions"}],"predecessor-version":[{"id":31653,"href":"https:\/\/solidaridadnews.com\/index.php?rest_route=\/wp\/v2\/posts\/31652\/revisions\/31653"}],"wp:featuredmedia":[{"embeddable":true,"href":"https:\/\/solidaridadnews.com\/index.php?rest_route=\/wp\/v2\/media\/31654"}],"wp:attachment":[{"href":"https:\/\/solidaridadnews.com\/index.php?rest_route=%2Fwp%2Fv2%2Fmedia&parent=31652"}],"wp:term":[{"taxonomy":"category","embeddable":true,"href":"https:\/\/solidaridadnews.com\/index.php?rest_route=%2Fwp%2Fv2%2Fcategories&post=31652"},{"taxonomy":"post_tag","embeddable":true,"href":"https:\/\/solidaridadnews.com\/index.php?rest_route=%2Fwp%2Fv2%2Ftags&post=31652"}],"curies":[{"name":"wp","href":"https:\/\/api.w.org\/{rel}","templated":true}]}}