{"id":31625,"date":"2024-02-03T08:45:03","date_gmt":"2024-02-03T13:45:03","guid":{"rendered":"https:\/\/solidaridadnews.com\/?p=31625"},"modified":"2024-02-03T13:45:06","modified_gmt":"2024-02-03T13:45:06","slug":"murio-francisco-jara-parte-del-campeonisimo-guadalajara","status":"publish","type":"post","link":"https:\/\/solidaridadnews.com\/?p=31625","title":{"rendered":"Muri\u00f3 Francisco Jara, parte del Campeon\u00edsimo Guadalajara"},"content":{"rendered":"<p>Paco Jara, integrantes del equipo de las Chivas llamado El Campeon\u00edsimo, falleci\u00f3 en la ciudad de Guadalajara. Contaba con 82 a\u00f1os de edad.<\/p>\n<p>Francisco Jara debut\u00f3 en 1960 con las Chivas Rayadas del Guadalajara y en sus primeros doce juegos, anot\u00f3 doce goles, llamando poderosamente la atenci\u00f3n del Ingeniero Javier de la Torre, t\u00e9cnico de ese equipo.<\/p>\n<p>Jugaba como extremo, era el suplente de lujo cuando algunos de los titulares indiscutibles se lesionaban. Gan\u00f3 cuatro t\u00edtulos de Liga, dos de Copa, dos Campeones de Campeones y uno de Concacaf con el equipo tapat\u00edo, el \u00faltimo gracias a un gol suyo en un juego contra el Oro.<\/p>\n<p>Est\u00e1 entre los goleadores del Cl\u00e1sico Nacional, al haber marcado en siete ocasiones. Fue mundialista mexicano en la Copa del Mundo de Inglaterra 1966.<\/p>\n<p>Paco Jara estuvo toda su carrera vistiendo la camiseta del Guadalajara, de 1960 a 1971. Cuando colg\u00f3 los botines puso una panader\u00eda a la que nombr\u00f3 como: \u201cCampeon\u00edsimo\u201d.<\/p>\n<p>&nbsp;<\/p>\n<p>Con informaci\u00f3n de El Universal<\/p>\n","protected":false},"excerpt":{"rendered":"<p>Paco Jara, integrantes del equipo de las Chivas llamado El Campeon\u00edsimo, falleci\u00f3 en la ciudad de Guadalajara. Contaba con 82 a\u00f1os de edad. Francisco Jara debut\u00f3 en 1960 con las Chivas Rayadas del Guadalajara y en sus primeros doce juegos, anot\u00f3 doce goles, llamando poderosamente la atenci\u00f3n del Ingeniero Javier de la Torre, t\u00e9cnico de [&hellip;]<\/p>\n","protected":false},"author":1,"featured_media":31627,"comment_status":"open","ping_status":"closed","sticky":false,"template":"","format":"standard","meta":{"footnotes":""},"categories":[6],"tags":[],"class_list":["post-31625","post","type-post","status-publish","format-standard","has-post-thumbnail","hentry","category-deportes"],"_links":{"self":[{"href":"https:\/\/solidaridadnews.com\/index.php?rest_route=\/wp\/v2\/posts\/31625","targetHints":{"allow":["GET"]}}],"collection":[{"href":"https:\/\/solidaridadnews.com\/index.php?rest_route=\/wp\/v2\/posts"}],"about":[{"href":"https:\/\/solidaridadnews.com\/index.php?rest_route=\/wp\/v2\/types\/post"}],"author":[{"embeddable":true,"href":"https:\/\/solidaridadnews.com\/index.php?rest_route=\/wp\/v2\/users\/1"}],"replies":[{"embeddable":true,"href":"https:\/\/solidaridadnews.com\/index.php?rest_route=%2Fwp%2Fv2%2Fcomments&post=31625"}],"version-history":[{"count":1,"href":"https:\/\/solidaridadnews.com\/index.php?rest_route=\/wp\/v2\/posts\/31625\/revisions"}],"predecessor-version":[{"id":31626,"href":"https:\/\/solidaridadnews.com\/index.php?rest_route=\/wp\/v2\/posts\/31625\/revisions\/31626"}],"wp:featuredmedia":[{"embeddable":true,"href":"https:\/\/solidaridadnews.com\/index.php?rest_route=\/wp\/v2\/media\/31627"}],"wp:attachment":[{"href":"https:\/\/solidaridadnews.com\/index.php?rest_route=%2Fwp%2Fv2%2Fmedia&parent=31625"}],"wp:term":[{"taxonomy":"category","embeddable":true,"href":"https:\/\/solidaridadnews.com\/index.php?rest_route=%2Fwp%2Fv2%2Fcategories&post=31625"},{"taxonomy":"post_tag","embeddable":true,"href":"https:\/\/solidaridadnews.com\/index.php?rest_route=%2Fwp%2Fv2%2Ftags&post=31625"}],"curies":[{"name":"wp","href":"https:\/\/api.w.org\/{rel}","templated":true}]}}