{"id":31619,"date":"2024-02-02T12:17:18","date_gmt":"2024-02-02T17:17:18","guid":{"rendered":"https:\/\/solidaridadnews.com\/?p=31619"},"modified":"2024-02-02T17:17:19","modified_gmt":"2024-02-02T17:17:19","slug":"declaran-alerta-epidemiologica-en-cuatro-departamentos-de-guatemala","status":"publish","type":"post","link":"https:\/\/solidaridadnews.com\/?p=31619","title":{"rendered":"Declaran alerta epidemiol\u00f3gica en cuatro departamentos de Guatemala"},"content":{"rendered":"<p>Guatemala. El Ministerio de Salud P\u00fablica y Asistencia Social declar\u00f3 una alerta epidemiol\u00f3gica en cuatro departamentos de Guatemala el jueves tras el aumento de casos de pacientes con s\u00edntomas de una enfermedad neurol\u00f3gica aguda cuya naturaleza a\u00fan no se determina con exactitud.<\/p>\n<p>Los departamentos de Suchitep\u00e9quez, Escuintla, Quetzaltenango y Retalhuleu, ubicados en la costa sur del pa\u00eds, son los declarados con alerta poblacional y epidemiol\u00f3gica. Seg\u00fan el ministerio, se han registrado 49 casos \u2014dos de los cuales derivaron en fallecimientos\u2014 de pacientes con debilidad y p\u00e9rdida de fuerza en extremidades, \u201csospechosos de Guillain-Barr\u00e9\u201d, la gran mayor\u00eda provenientes de Suchitep\u00e9quez, dijo el ministerio.<\/p>\n<p>\u201cComo parte de las acciones implementadas se desplaz\u00f3 un equipo multidisciplinario para b\u00fasqueda, recolecci\u00f3n y an\u00e1lisis de datos\u00bb en hospitales en Suchitep\u00e9quez, agreg\u00f3.<\/p>\n<p>El s\u00edndrome de Guillain-Barr\u00e9 es una afecci\u00f3n en la que el sistema inmunitario del paciente ataca sus nervios, provocando debilidad muscular y en ocasiones par\u00e1lisis.<\/p>\n<p>La entidad reiter\u00f3 a la poblaci\u00f3n tomar acciones de prevenci\u00f3n como \u201cconsumir agua segura (filtrada, hervida, clorada entre otros), preparar de forma adecuada e higi\u00e9nica los alimentos, lavarse las manos antes y despu\u00e9s de preparar la comida, evitar el contacto de alimentos crudos con los cocidos, tanto en la preparaci\u00f3n como al guardarlos y al preparar carne de aves, asegurarse de cocerla bien, consumir leche pasteurizada\u201d.<\/p>\n<p>Exhort\u00f3 tambi\u00e9n a que quienes presenten s\u00edntomas como debilidad en m\u00fasculos de la cara, sensaci\u00f3n de hormigueo o adormecimiento de brazos, manos y debilidad progresiva en las piernas busquen ayuda m\u00e9dica inmediata y eviten automedicarse.<\/p>\n<p>El ministerio se\u00f1al\u00f3 que hay evidencia de que la transmisi\u00f3n no es de persona a persona, pero se requiere de un an\u00e1lisis m\u00e1s amplio \u201cpara identificar posibles agentes bacterianos o virales, entre otros, que sean la causa de infecciones previas recientes, que desencadenan esta enfermedad en algunas personas\u201d, dijo el Ministerio de Salud.<\/p>\n<p>La entidad tambi\u00e9n recomend\u00f3 la suspensi\u00f3n de eventos masivos en los lugares donde se ha declarado la alerta poblacional, hasta que se concluya con la investigaci\u00f3n.<\/p>\n","protected":false},"excerpt":{"rendered":"<p>Guatemala. El Ministerio de Salud P\u00fablica y Asistencia Social declar\u00f3 una alerta epidemiol\u00f3gica en cuatro departamentos de Guatemala el jueves tras el aumento de casos de pacientes con s\u00edntomas de una enfermedad neurol\u00f3gica aguda cuya naturaleza a\u00fan no se determina con exactitud. Los departamentos de Suchitep\u00e9quez, Escuintla, Quetzaltenango y Retalhuleu, ubicados en la costa sur [&hellip;]<\/p>\n","protected":false},"author":1,"featured_media":31621,"comment_status":"open","ping_status":"closed","sticky":false,"template":"","format":"standard","meta":{"footnotes":""},"categories":[9],"tags":[],"class_list":["post-31619","post","type-post","status-publish","format-standard","has-post-thumbnail","hentry","category-internacional"],"_links":{"self":[{"href":"https:\/\/solidaridadnews.com\/index.php?rest_route=\/wp\/v2\/posts\/31619","targetHints":{"allow":["GET"]}}],"collection":[{"href":"https:\/\/solidaridadnews.com\/index.php?rest_route=\/wp\/v2\/posts"}],"about":[{"href":"https:\/\/solidaridadnews.com\/index.php?rest_route=\/wp\/v2\/types\/post"}],"author":[{"embeddable":true,"href":"https:\/\/solidaridadnews.com\/index.php?rest_route=\/wp\/v2\/users\/1"}],"replies":[{"embeddable":true,"href":"https:\/\/solidaridadnews.com\/index.php?rest_route=%2Fwp%2Fv2%2Fcomments&post=31619"}],"version-history":[{"count":1,"href":"https:\/\/solidaridadnews.com\/index.php?rest_route=\/wp\/v2\/posts\/31619\/revisions"}],"predecessor-version":[{"id":31620,"href":"https:\/\/solidaridadnews.com\/index.php?rest_route=\/wp\/v2\/posts\/31619\/revisions\/31620"}],"wp:featuredmedia":[{"embeddable":true,"href":"https:\/\/solidaridadnews.com\/index.php?rest_route=\/wp\/v2\/media\/31621"}],"wp:attachment":[{"href":"https:\/\/solidaridadnews.com\/index.php?rest_route=%2Fwp%2Fv2%2Fmedia&parent=31619"}],"wp:term":[{"taxonomy":"category","embeddable":true,"href":"https:\/\/solidaridadnews.com\/index.php?rest_route=%2Fwp%2Fv2%2Fcategories&post=31619"},{"taxonomy":"post_tag","embeddable":true,"href":"https:\/\/solidaridadnews.com\/index.php?rest_route=%2Fwp%2Fv2%2Ftags&post=31619"}],"curies":[{"name":"wp","href":"https:\/\/api.w.org\/{rel}","templated":true}]}}